{"id":12620,"date":"2025-10-19T19:55:21","date_gmt":"2025-10-19T22:55:21","guid":{"rendered":"https:\/\/reneramon.cl\/?p=12620"},"modified":"2025-10-19T19:55:22","modified_gmt":"2025-10-19T22:55:22","slug":"comer-pan-en-la-actualidad-es-un-lujo","status":"publish","type":"post","link":"https:\/\/reneramon.cl\/index.php\/2025\/10\/19\/comer-pan-en-la-actualidad-es-un-lujo\/","title":{"rendered":"Comer pan en la actualidad es un lujo???"},"content":{"rendered":"\n<p>Porque no hemos visto programas en la tv o presi\u00f3n social por lo elevado del precio del pan?? a que se deber\u00e1?? no ser\u00e1 que tanto Chile como Argentina est\u00e9n exportando cada ves mas harina a Asia por ejemplo??<\/p>\n\n\n\n<p>Un nuevo mercado externo que interfiere en la realidad local , provocando una pugna por la harina lo que lleva a elevar el valor de la harina ??? casi tranz\u00e1ndolo a una realidad ajena al continente??<\/p>\n\n\n\n<p>El pan es el alimento b\u00e1sico en la canasta familiar chilena y no puede ser que se eleve tanto su precio de producci\u00f3n y comercializaci\u00f3n , este es el peligro de la globalizaci\u00f3n \u2026<\/p>\n\n\n\n<figure class=\"wp-block-image is-resized\"><img decoding=\"async\" src=\"https:\/\/pinochetismo.com\/wp-content\/uploads\/2025\/10\/poder-adquisitivo-y-precio-del-pan.jpg\" alt=\"[\u200bIMG]\" style=\"width:840px;height:auto\"\/><\/figure>\n","protected":false},"excerpt":{"rendered":"<div class=\"mh-excerpt\"><p>Porque no hemos visto programas en la tv o presi\u00f3n social por lo elevado del precio del pan?? a que se deber\u00e1?? no ser\u00e1 que <a class=\"mh-excerpt-more\" href=\"https:\/\/reneramon.cl\/index.php\/2025\/10\/19\/comer-pan-en-la-actualidad-es-un-lujo\/\" title=\"Comer pan en la actualidad es un lujo???\">[&#8230;]<\/a><\/p>\n<\/div>","protected":false},"author":1,"featured_media":12071,"comment_status":"closed","ping_status":"open","sticky":false,"template":"","format":"standard","meta":{"footnotes":""},"categories":[32],"tags":[],"class_list":["post-12620","post","type-post","status-publish","format-standard","has-post-thumbnail","hentry","category-mensajes"],"_links":{"self":[{"href":"https:\/\/reneramon.cl\/index.php\/wp-json\/wp\/v2\/posts\/12620","targetHints":{"allow":["GET"]}}],"collection":[{"href":"https:\/\/reneramon.cl\/index.php\/wp-json\/wp\/v2\/posts"}],"about":[{"href":"https:\/\/reneramon.cl\/index.php\/wp-json\/wp\/v2\/types\/post"}],"author":[{"embeddable":true,"href":"https:\/\/reneramon.cl\/index.php\/wp-json\/wp\/v2\/users\/1"}],"replies":[{"embeddable":true,"href":"https:\/\/reneramon.cl\/index.php\/wp-json\/wp\/v2\/comments?post=12620"}],"version-history":[{"count":1,"href":"https:\/\/reneramon.cl\/index.php\/wp-json\/wp\/v2\/posts\/12620\/revisions"}],"predecessor-version":[{"id":12621,"href":"https:\/\/reneramon.cl\/index.php\/wp-json\/wp\/v2\/posts\/12620\/revisions\/12621"}],"wp:featuredmedia":[{"embeddable":true,"href":"https:\/\/reneramon.cl\/index.php\/wp-json\/wp\/v2\/media\/12071"}],"wp:attachment":[{"href":"https:\/\/reneramon.cl\/index.php\/wp-json\/wp\/v2\/media?parent=12620"}],"wp:term":[{"taxonomy":"category","embeddable":true,"href":"https:\/\/reneramon.cl\/index.php\/wp-json\/wp\/v2\/categories?post=12620"},{"taxonomy":"post_tag","embeddable":true,"href":"https:\/\/reneramon.cl\/index.php\/wp-json\/wp\/v2\/tags?post=12620"}],"curies":[{"name":"wp","href":"https:\/\/api.w.org\/{rel}","templated":true}]}}