{"id":3103,"date":"2021-05-06T15:31:57","date_gmt":"2021-05-06T15:31:57","guid":{"rendered":"http:\/\/reneramon.cl\/?p=3103"},"modified":"2024-02-02T19:56:59","modified_gmt":"2024-02-02T22:56:59","slug":"el-dia-que-chile-le-fallo-al-chino-fujimori-narco-terrorismo-internacional","status":"publish","type":"post","link":"https:\/\/reneramon.cl\/index.php\/2021\/05\/06\/el-dia-que-chile-le-fallo-al-chino-fujimori-narco-terrorismo-internacional\/","title":{"rendered":"EL DIA QUE CHILE LE FALLO AL CHINO FUJIMORI &#8230; NARCO TERRORISMO INTERNACIONAL ?"},"content":{"rendered":"\n<p>FUE UN COMPLOT INTERNACIONAL?<\/p>\n\n\n\n<p>PARA DESTRUIR A FUJIMORI COMO POSIBLE CANDIDATO?<\/p>\n\n\n\n<p>ES ALGO QUE PAGAREMOS POR COBARDES LOS CHILENOS?<\/p>\n\n\n\n<p>CHILE DEBIO DEJARLO PARTIR A JAPON?<\/p>\n\n\n\n<p>EL COMPLOT ERA PARA GENERAR MAS DESESTABILIDAD EN PERU?<\/p>\n\n\n\n<p>SI SALE KEIKO EMPEORAN O MEJORAN LAS RELACIONES??<\/p>\n\n\n\n<p>YO ESTOY CON KEIKO<\/p>\n\n\n\n<p>PORQUE LES ASEGURO QUE NOS ARREGLA LAS FRONTERA&nbsp;<\/p>\n\n\n\n<p>CON EL SECTOR NORTE DEL PERU<\/p>\n\n\n\n<figure class=\"wp-block-embed-youtube wp-block-embed is-type-video is-provider-youtube wp-embed-aspect-16-9 wp-has-aspect-ratio\"><div class=\"wp-block-embed__wrapper\">\n<iframe loading=\"lazy\" title=\"Fujimori deber\u00e1 volver a la c\u00e1rcel tras anulaci\u00f3n del indulto presidencial | 24 Horas TVN Chile\" width=\"500\" height=\"281\" src=\"https:\/\/www.youtube.com\/embed\/JCk8NPwbuTw?feature=oembed\" frameborder=\"0\" allow=\"accelerometer; autoplay; clipboard-write; encrypted-media; gyroscope; picture-in-picture; web-share\" referrerpolicy=\"strict-origin-when-cross-origin\" allowfullscreen><\/iframe>\n<\/div><\/figure>\n\n\n\n<p>FUE ORQUESTADO EL COMPLOT POR EL NARCO TERRORISMO???<\/p>\n\n\n\n<p>NARCO TERRORISMOS QUE HOY CONTROLAN PARTE DE CHILE??<\/p>\n","protected":false},"excerpt":{"rendered":"<div class=\"mh-excerpt\"><p>FUE UN COMPLOT INTERNACIONAL? PARA DESTRUIR A FUJIMORI COMO POSIBLE CANDIDATO? ES ALGO QUE PAGAREMOS POR COBARDES LOS CHILENOS? CHILE DEBIO DEJARLO PARTIR A JAPON? <a class=\"mh-excerpt-more\" href=\"https:\/\/reneramon.cl\/index.php\/2021\/05\/06\/el-dia-que-chile-le-fallo-al-chino-fujimori-narco-terrorismo-internacional\/\" title=\"EL DIA QUE CHILE LE FALLO AL CHINO FUJIMORI &#8230; NARCO TERRORISMO INTERNACIONAL ?\">[&#8230;]<\/a><\/p>\n<\/div>","protected":false},"author":1,"featured_media":1120,"comment_status":"closed","ping_status":"open","sticky":false,"template":"","format":"standard","meta":{"footnotes":""},"categories":[6],"tags":[],"class_list":["post-3103","post","type-post","status-publish","format-standard","has-post-thumbnail","hentry","category-opiniones"],"_links":{"self":[{"href":"https:\/\/reneramon.cl\/index.php\/wp-json\/wp\/v2\/posts\/3103","targetHints":{"allow":["GET"]}}],"collection":[{"href":"https:\/\/reneramon.cl\/index.php\/wp-json\/wp\/v2\/posts"}],"about":[{"href":"https:\/\/reneramon.cl\/index.php\/wp-json\/wp\/v2\/types\/post"}],"author":[{"embeddable":true,"href":"https:\/\/reneramon.cl\/index.php\/wp-json\/wp\/v2\/users\/1"}],"replies":[{"embeddable":true,"href":"https:\/\/reneramon.cl\/index.php\/wp-json\/wp\/v2\/comments?post=3103"}],"version-history":[{"count":1,"href":"https:\/\/reneramon.cl\/index.php\/wp-json\/wp\/v2\/posts\/3103\/revisions"}],"predecessor-version":[{"id":3104,"href":"https:\/\/reneramon.cl\/index.php\/wp-json\/wp\/v2\/posts\/3103\/revisions\/3104"}],"wp:featuredmedia":[{"embeddable":true,"href":"https:\/\/reneramon.cl\/index.php\/wp-json\/wp\/v2\/media\/1120"}],"wp:attachment":[{"href":"https:\/\/reneramon.cl\/index.php\/wp-json\/wp\/v2\/media?parent=3103"}],"wp:term":[{"taxonomy":"category","embeddable":true,"href":"https:\/\/reneramon.cl\/index.php\/wp-json\/wp\/v2\/categories?post=3103"},{"taxonomy":"post_tag","embeddable":true,"href":"https:\/\/reneramon.cl\/index.php\/wp-json\/wp\/v2\/tags?post=3103"}],"curies":[{"name":"wp","href":"https:\/\/api.w.org\/{rel}","templated":true}]}}