{"id":3225,"date":"2021-07-13T01:41:51","date_gmt":"2021-07-13T01:41:51","guid":{"rendered":"http:\/\/reneramon.cl\/?p=3225"},"modified":"2024-02-02T19:56:59","modified_gmt":"2024-02-02T22:56:59","slug":"terrorismo-forestal-mas-de-3-decadas-de-incendios-intencionales-con-que-fin","status":"publish","type":"post","link":"https:\/\/reneramon.cl\/index.php\/2021\/07\/13\/terrorismo-forestal-mas-de-3-decadas-de-incendios-intencionales-con-que-fin\/","title":{"rendered":"Terrorismo forestal mas de 3 d\u00e9cadas de incendios intencionales , con que fin??"},"content":{"rendered":"\n<p>El agua llama el agua la humedad genera precipitaciones o ayuda a esta , entonces estuve pensando ya va m\u00e1s de 2 d\u00e9cadas de incendios muchos de los cuales fueron intencionales Pero esto porque fue provocado. Pero fue solamente por un asunto de dinero por ejemplo contratos de helic\u00f3pteros forestales, o algo mas , etc\u00e9tera.<\/p>\n\n\n\n<p>O existe algo de fondo como alterar el tiempo para llevar precipitaciones a otro lado del mundo Suena algo loco Pero puede ser entre tanta des humanidad por el planeta?<\/p>\n\n\n\n<p>Que est\u00e1 ocurriendo en el Amazonas esta deforestando est\u00e1n alejando la humedad est\u00e1n secando los humedales.<\/p>\n\n\n\n<p>Todo esto va a generar qu\u00e9 las nubes van a pasar de largo y se van a ir hacia otros continentes.<\/p>\n\n\n\n<p>D\u00edgame usted por favor qu\u00e9 continente tiene pocos incendios y est\u00e1 lloviendo considerablemente?<\/p>\n\n\n\n<p>En qu\u00e9 pa\u00eds del mundo se est\u00e1n creando ciudades fantasmas que no las habita nadie Con qu\u00e9 fin?<\/p>\n\n\n\n<p>En la actualidad los incendios qu\u00e9 muchas partes aparecen de manera espont\u00e1nea por la temperatura. Pero hace dos d\u00e9cadas muchas provocadas por el hombre Con qu\u00e9 fin juzgue usted.<\/p>\n\n\n\n<p>Terrorismo forestal que se puede pagar muy caro.<\/p>\n\n\n\n<p>Otro caso que me viene a la mente son los constantes incendios que ocurren en Australia qui\u00e9n es su gran enemigo la actualidad???<\/p>\n\n\n\n<p>Todo este terrorismo forestal esta manipulado por alguna ideolog\u00eda pol\u00edtica que se quiere colocar a a fuerza en el poder??<\/p>\n","protected":false},"excerpt":{"rendered":"<div class=\"mh-excerpt\"><p>El agua llama el agua la humedad genera precipitaciones o ayuda a esta , entonces estuve pensando ya va m\u00e1s de 2 d\u00e9cadas de incendios <a class=\"mh-excerpt-more\" href=\"https:\/\/reneramon.cl\/index.php\/2021\/07\/13\/terrorismo-forestal-mas-de-3-decadas-de-incendios-intencionales-con-que-fin\/\" title=\"Terrorismo forestal mas de 3 d\u00e9cadas de incendios intencionales , con que fin??\">[&#8230;]<\/a><\/p>\n<\/div>","protected":false},"author":1,"featured_media":3209,"comment_status":"closed","ping_status":"open","sticky":false,"template":"","format":"standard","meta":{"footnotes":""},"categories":[6],"tags":[],"class_list":["post-3225","post","type-post","status-publish","format-standard","has-post-thumbnail","hentry","category-opiniones"],"_links":{"self":[{"href":"https:\/\/reneramon.cl\/index.php\/wp-json\/wp\/v2\/posts\/3225","targetHints":{"allow":["GET"]}}],"collection":[{"href":"https:\/\/reneramon.cl\/index.php\/wp-json\/wp\/v2\/posts"}],"about":[{"href":"https:\/\/reneramon.cl\/index.php\/wp-json\/wp\/v2\/types\/post"}],"author":[{"embeddable":true,"href":"https:\/\/reneramon.cl\/index.php\/wp-json\/wp\/v2\/users\/1"}],"replies":[{"embeddable":true,"href":"https:\/\/reneramon.cl\/index.php\/wp-json\/wp\/v2\/comments?post=3225"}],"version-history":[{"count":1,"href":"https:\/\/reneramon.cl\/index.php\/wp-json\/wp\/v2\/posts\/3225\/revisions"}],"predecessor-version":[{"id":3226,"href":"https:\/\/reneramon.cl\/index.php\/wp-json\/wp\/v2\/posts\/3225\/revisions\/3226"}],"wp:featuredmedia":[{"embeddable":true,"href":"https:\/\/reneramon.cl\/index.php\/wp-json\/wp\/v2\/media\/3209"}],"wp:attachment":[{"href":"https:\/\/reneramon.cl\/index.php\/wp-json\/wp\/v2\/media?parent=3225"}],"wp:term":[{"taxonomy":"category","embeddable":true,"href":"https:\/\/reneramon.cl\/index.php\/wp-json\/wp\/v2\/categories?post=3225"},{"taxonomy":"post_tag","embeddable":true,"href":"https:\/\/reneramon.cl\/index.php\/wp-json\/wp\/v2\/tags?post=3225"}],"curies":[{"name":"wp","href":"https:\/\/api.w.org\/{rel}","templated":true}]}}