{"id":3257,"date":"2021-07-26T20:47:27","date_gmt":"2021-07-26T20:47:27","guid":{"rendered":"http:\/\/reneramon.cl\/?p=3257"},"modified":"2024-02-02T19:56:58","modified_gmt":"2024-02-02T22:56:58","slug":"desde-hoy-voy-a-empezar-a-tramitar-mi-asilo-politico","status":"publish","type":"post","link":"https:\/\/reneramon.cl\/index.php\/2021\/07\/26\/desde-hoy-voy-a-empezar-a-tramitar-mi-asilo-politico\/","title":{"rendered":"Desde hoy voy a empezar a tramitar mi asilo pol\u00edtico&#8230;"},"content":{"rendered":"\n<p>Hace algunos a\u00f1os atr\u00e1s les coment\u00e9 algo que me toc\u00f3 vivir en Sgto , lo que cost\u00f3 la carrera de derecho.<\/p>\n\n\n\n<p>&#8212;&#8212;&#8212;&#8212;&#8212;&#8212;&#8212;&#8212;&#8212;&#8212;&#8212;&#8212;&#8212;&#8212;&#8212;&#8212;&#8212;&#8212;<\/p>\n\n\n\n<p>Personalmente no soy agitador social , pero me imagino que durante la gesti\u00f3n de Pi\u00f1era a existido varias persecuciones a la primera linea &#8230;<\/p>\n\n\n\n<p>No me identifico con ellos , pero les llamo a organizarse para pedir asilos pol\u00edticos.<\/p>\n\n\n\n<p>Con esto se marca precedentes que en \u00e9poca de DEMOCRACIA igual existe persecuci\u00f3n por parte del oficialismo.<\/p>\n\n\n\n<p>No se dejen amedrentar , personalmente les voy a contar como me va.<\/p>\n\n\n\n<p>Si no recibo respuesta formal , cumplo con subir la respuesta autom\u00e1tica de la embajada , porque el deber de toda embajada es dar una respuesta formal.<br>y mas si esta suscrito a la ONU y la convenci\u00f3n internacional de protecci\u00f3n de los derechos humanos.<\/p>\n\n\n\n<p><\/p>\n\n\n\n<p>El&nbsp;<strong>derecho de asilo<\/strong>&nbsp;est\u00e1 regulado por el&nbsp;<strong>Derecho<\/strong>&nbsp;Internacional y es una obligaci\u00f3n de los Estados. Queda recogido&nbsp;<strong>como derecho<\/strong>&nbsp;humano fundamental en el art\u00edculo 14 de la Declaraci\u00f3n Universal de los&nbsp;<strong>Derechos<\/strong>&nbsp;Humanos y desarrollado en la Convenci\u00f3n de Ginebra de 1951 y su protocolo (Protocolo de Nueva York de 1967).<\/p>\n\n\n\n<p><\/p>\n\n\n\n<p><strong>Art\u00edculo 14<\/strong><br>En caso de persecuci\u00f3n, toda persona tiene\u00a0<strong>derecho<\/strong>\u00a0a buscar asilo, y a disfrutar de \u00e9l, en cualquier pa\u00eds. &#8230; Este\u00a0<strong>derecho<\/strong>\u00a0no podr\u00e1 ser invocado contra una acci\u00f3n judicial realmente originada por delitos comunes o por actos opuestos a los prop\u00f3sitos y principios de las Naciones Unidas.<\/p>\n\n\n\n<p><\/p>\n\n\n\n<p>para los que quieran mas detalles<\/p>\n\n\n\n<p>este es el organismo encargado de estudiar<\/p>\n\n\n\n<p>si eres calificado para refugiado<\/p>\n\n\n\n<p>recuerda , puede ser por acoso , acoso laboral , discriminaci\u00f3n estudiantil , discriminaci\u00f3n laboral , persecuci\u00f3n \u00e9tnica , pol\u00edtica , religiosa ,etc<\/p>\n\n\n\n<p><a href=\"https:\/\/www.acnur.org\/el-acnur.html#:~:text=La%20Oficina%20del%20Alto%20Comisionado,los%20refugiados%20a%20nivel%20mundial.\">https:\/\/www.acnur.org\/el-acnur.html#:~:text=La%20Oficina%20del%20Alto%20Comisionado,los%20refugiados%20a%20nivel%20mundial.<\/a><\/p>\n","protected":false},"excerpt":{"rendered":"<div class=\"mh-excerpt\"><p>Hace algunos a\u00f1os atr\u00e1s les coment\u00e9 algo que me toc\u00f3 vivir en Sgto , lo que cost\u00f3 la carrera de derecho. &#8212;&#8212;&#8212;&#8212;&#8212;&#8212;&#8212;&#8212;&#8212;&#8212;&#8212;&#8212;&#8212;&#8212;&#8212;&#8212;&#8212;&#8212; Personalmente no soy <a class=\"mh-excerpt-more\" href=\"https:\/\/reneramon.cl\/index.php\/2021\/07\/26\/desde-hoy-voy-a-empezar-a-tramitar-mi-asilo-politico\/\" title=\"Desde hoy voy a empezar a tramitar mi asilo pol\u00edtico&#8230;\">[&#8230;]<\/a><\/p>\n<\/div>","protected":false},"author":1,"featured_media":12,"comment_status":"closed","ping_status":"open","sticky":false,"template":"","format":"standard","meta":{"footnotes":""},"categories":[23],"tags":[],"class_list":["post-3257","post","type-post","status-publish","format-standard","has-post-thumbnail","hentry","category-comentarios"],"_links":{"self":[{"href":"https:\/\/reneramon.cl\/index.php\/wp-json\/wp\/v2\/posts\/3257","targetHints":{"allow":["GET"]}}],"collection":[{"href":"https:\/\/reneramon.cl\/index.php\/wp-json\/wp\/v2\/posts"}],"about":[{"href":"https:\/\/reneramon.cl\/index.php\/wp-json\/wp\/v2\/types\/post"}],"author":[{"embeddable":true,"href":"https:\/\/reneramon.cl\/index.php\/wp-json\/wp\/v2\/users\/1"}],"replies":[{"embeddable":true,"href":"https:\/\/reneramon.cl\/index.php\/wp-json\/wp\/v2\/comments?post=3257"}],"version-history":[{"count":2,"href":"https:\/\/reneramon.cl\/index.php\/wp-json\/wp\/v2\/posts\/3257\/revisions"}],"predecessor-version":[{"id":3259,"href":"https:\/\/reneramon.cl\/index.php\/wp-json\/wp\/v2\/posts\/3257\/revisions\/3259"}],"wp:featuredmedia":[{"embeddable":true,"href":"https:\/\/reneramon.cl\/index.php\/wp-json\/wp\/v2\/media\/12"}],"wp:attachment":[{"href":"https:\/\/reneramon.cl\/index.php\/wp-json\/wp\/v2\/media?parent=3257"}],"wp:term":[{"taxonomy":"category","embeddable":true,"href":"https:\/\/reneramon.cl\/index.php\/wp-json\/wp\/v2\/categories?post=3257"},{"taxonomy":"post_tag","embeddable":true,"href":"https:\/\/reneramon.cl\/index.php\/wp-json\/wp\/v2\/tags?post=3257"}],"curies":[{"name":"wp","href":"https:\/\/api.w.org\/{rel}","templated":true}]}}