{"id":3263,"date":"2021-08-01T00:29:59","date_gmt":"2021-08-01T00:29:59","guid":{"rendered":"http:\/\/reneramon.cl\/?p=3263"},"modified":"2024-02-02T19:56:58","modified_gmt":"2024-02-02T22:56:58","slug":"es-posible-una-guerra-chile-vs-bolivia-de-aqui-a-20-anos","status":"publish","type":"post","link":"https:\/\/reneramon.cl\/index.php\/2021\/08\/01\/es-posible-una-guerra-chile-vs-bolivia-de-aqui-a-20-anos\/","title":{"rendered":"Es posible una guerra Chile vs Bolivia de aqu\u00ed a 20 a\u00f1os???"},"content":{"rendered":"\n<p>no se el motivo.<\/p>\n\n\n\n<p>solo se que Bolivia resiste y tiene muchas riquezas naturales&#8230;<br>la mayor\u00eda de ellas no son privadas<\/p>\n\n\n\n<p>el motivo puede ser cualquiera<\/p>\n\n\n\n<p>pero si patroncito manda , quiz\u00e1s<\/p>\n\n\n\n<p>aunque veremos si somos chinos o yankees<\/p>\n\n\n\n<p><\/p>\n\n\n\n<p><\/p>\n\n\n\n<p>proximamente Bolivia construyen armas nucleares y es una amenaza para el conosur<\/p>\n\n\n\n<p>gracias a su planta&#8230;<\/p>\n\n\n\n<p>El gobierno de&nbsp;<strong>Bolivia<\/strong>&nbsp;inici\u00f3 los trabajos para construir el primer reactor&nbsp;<strong>nuclear<\/strong>&nbsp;en el pa\u00eds, en la ciudad de El Alto y el cual tendr\u00e1 la mayor altitud en todo el mundo. La instalaci\u00f3n formar\u00e1 parte de un centro especializado en esta clase de energ\u00eda, para iniciar operaciones en 2024<\/p>\n\n\n\n<figure class=\"wp-block-embed-wordpress wp-block-embed is-type-wp-embed is-provider-energia-hoy\"><div class=\"wp-block-embed__wrapper\">\n<blockquote class=\"wp-embedded-content\" data-secret=\"VbfbBm8STE\"><a href=\"https:\/\/energiahoy.com\/2021\/07\/29\/bolivia-apuesta-por-la-energia-nuclear-con-nuevo-reactor-en-el-alto\/\">Bolivia apuesta por la energ\u00eda nuclear con nuevo reactor en El Alto<\/a><\/blockquote><iframe loading=\"lazy\" class=\"wp-embedded-content\" sandbox=\"allow-scripts\" security=\"restricted\" style=\"position: absolute; clip: rect(1px, 1px, 1px, 1px);\" title=\"&#8220;Bolivia apuesta por la energ\u00eda nuclear con nuevo reactor en El Alto&#8221; &#8212; Energ\u00eda Hoy\" src=\"https:\/\/energiahoy.com\/2021\/07\/29\/bolivia-apuesta-por-la-energia-nuclear-con-nuevo-reactor-en-el-alto\/embed\/#?secret=VbfbBm8STE\" data-secret=\"VbfbBm8STE\" width=\"500\" height=\"282\" frameborder=\"0\" marginwidth=\"0\" marginheight=\"0\" scrolling=\"no\"><\/iframe>\n<\/div><\/figure>\n\n\n\n<p><\/p>\n\n\n\n<p>tremendo REGALO SUICIDA para Bolivia!<\/p>\n\n\n\n<p><\/p>\n\n\n\n<p><\/p>\n\n\n\n<p>proyecci\u00f3n de Chile a 15 a\u00f1os&#8230;<br>crisis minera<br>crisis social ( lucha de nacionales con inmigrantes)<br>sequia<br>lucha de las drogas.<\/p>\n\n\n\n<p>corrupci\u00f3n<\/p>\n\n\n\n<p>como unes a un pa\u00eds??<\/p>\n\n\n\n<p>Bolivianos narcos y construyen armas de destrucci\u00f3n masiva.<\/p>\n\n\n\n<p><\/p>\n\n\n\n<figure class=\"wp-block-embed-youtube wp-block-embed is-type-video is-provider-youtube wp-embed-aspect-16-9 wp-has-aspect-ratio\"><div class=\"wp-block-embed__wrapper\">\n<iframe loading=\"lazy\" title=\"Recursos naturales que mantienen a Bolivia\" width=\"500\" height=\"281\" src=\"https:\/\/www.youtube.com\/embed\/gMOzJh4KZ0k?feature=oembed\" frameborder=\"0\" allow=\"accelerometer; autoplay; clipboard-write; encrypted-media; gyroscope; picture-in-picture; web-share\" referrerpolicy=\"strict-origin-when-cross-origin\" allowfullscreen><\/iframe>\n<\/div><\/figure>\n\n\n\n<p><\/p>\n\n\n\n<figure class=\"wp-block-embed-youtube wp-block-embed is-type-video is-provider-youtube wp-embed-aspect-16-9 wp-has-aspect-ratio\"><div class=\"wp-block-embed__wrapper\">\n<iframe loading=\"lazy\" title=\"Bolivia: el litio, el &#039;oro blanco&#039; que se encuentra debajo del Salar de Uyuni\" width=\"500\" height=\"281\" src=\"https:\/\/www.youtube.com\/embed\/oN6lMxq9qXs?feature=oembed\" frameborder=\"0\" allow=\"accelerometer; autoplay; clipboard-write; encrypted-media; gyroscope; picture-in-picture; web-share\" referrerpolicy=\"strict-origin-when-cross-origin\" allowfullscreen><\/iframe>\n<\/div><\/figure>\n\n\n\n<p>y desde los intereses Bolivianos , pueden presentar problemas de sequia??<\/p>\n","protected":false},"excerpt":{"rendered":"<div class=\"mh-excerpt\"><p>no se el motivo. solo se que Bolivia resiste y tiene muchas riquezas naturales&#8230;la mayor\u00eda de ellas no son privadas el motivo puede ser cualquiera <a class=\"mh-excerpt-more\" href=\"https:\/\/reneramon.cl\/index.php\/2021\/08\/01\/es-posible-una-guerra-chile-vs-bolivia-de-aqui-a-20-anos\/\" title=\"Es posible una guerra Chile vs Bolivia de aqu\u00ed a 20 a\u00f1os???\">[&#8230;]<\/a><\/p>\n<\/div>","protected":false},"author":1,"featured_media":1120,"comment_status":"closed","ping_status":"open","sticky":false,"template":"","format":"standard","meta":{"footnotes":""},"categories":[6],"tags":[],"class_list":["post-3263","post","type-post","status-publish","format-standard","has-post-thumbnail","hentry","category-opiniones"],"_links":{"self":[{"href":"https:\/\/reneramon.cl\/index.php\/wp-json\/wp\/v2\/posts\/3263","targetHints":{"allow":["GET"]}}],"collection":[{"href":"https:\/\/reneramon.cl\/index.php\/wp-json\/wp\/v2\/posts"}],"about":[{"href":"https:\/\/reneramon.cl\/index.php\/wp-json\/wp\/v2\/types\/post"}],"author":[{"embeddable":true,"href":"https:\/\/reneramon.cl\/index.php\/wp-json\/wp\/v2\/users\/1"}],"replies":[{"embeddable":true,"href":"https:\/\/reneramon.cl\/index.php\/wp-json\/wp\/v2\/comments?post=3263"}],"version-history":[{"count":10,"href":"https:\/\/reneramon.cl\/index.php\/wp-json\/wp\/v2\/posts\/3263\/revisions"}],"predecessor-version":[{"id":3281,"href":"https:\/\/reneramon.cl\/index.php\/wp-json\/wp\/v2\/posts\/3263\/revisions\/3281"}],"wp:featuredmedia":[{"embeddable":true,"href":"https:\/\/reneramon.cl\/index.php\/wp-json\/wp\/v2\/media\/1120"}],"wp:attachment":[{"href":"https:\/\/reneramon.cl\/index.php\/wp-json\/wp\/v2\/media?parent=3263"}],"wp:term":[{"taxonomy":"category","embeddable":true,"href":"https:\/\/reneramon.cl\/index.php\/wp-json\/wp\/v2\/categories?post=3263"},{"taxonomy":"post_tag","embeddable":true,"href":"https:\/\/reneramon.cl\/index.php\/wp-json\/wp\/v2\/tags?post=3263"}],"curies":[{"name":"wp","href":"https:\/\/api.w.org\/{rel}","templated":true}]}}