{"id":3275,"date":"2021-08-01T06:40:12","date_gmt":"2021-08-01T06:40:12","guid":{"rendered":"http:\/\/reneramon.cl\/?p=3275"},"modified":"2024-02-02T19:56:58","modified_gmt":"2024-02-02T22:56:58","slug":"se-podra-alguna-vez-reducir-a-escala-el-tamano-de-las-personas","status":"publish","type":"post","link":"https:\/\/reneramon.cl\/index.php\/2021\/08\/01\/se-podra-alguna-vez-reducir-a-escala-el-tamano-de-las-personas\/","title":{"rendered":"Se podr\u00e1 alguna vez reducir a escala el tama\u00f1o de las personas?"},"content":{"rendered":"\n<p>Tal como en robotech existir\u00e1 la tecnolog\u00eda para reducir a las personas a escala?, esto representa para las personas una segunda oportunidad con el planeta con el ecosistema? o es un peligro para su subsistencia?&nbsp;<\/p>\n\n\n\n<p>Lo que le coment\u00f3 a continuaci\u00f3n habr\u00e1 sido un experimento hecho en el pasado con Gigantes y humanos para estudiar las variables de la raza perfecta para el planeta?<\/p>\n\n\n\n<p>En escrituras antiguas de culturas antiguas de dioses antiguos c\u00f3mo los hind\u00faes y su viaje con naves espaciales se habr\u00e1n referido a esto? &nbsp;<\/p>\n\n\n\n<p>Las razas enanas o hadas la mitolog\u00eda n\u00f3rdica y europea se habr\u00e1n referido a esto?<\/p>\n\n\n\n<p>Porque da la impresi\u00f3n que los seres vivos con menor escala son m\u00e1s activos que los que tienen mayor escala que a la vez si le sumamos inteligencia se pueden convertir en una verdadera plaga como hormigas por ejemplo?<\/p>\n\n\n\n<p>En la actualidad en el \u00e1mbito cient\u00edfico existira alguna f\u00f3rmula que hable sobre esto ?<\/p>\n\n\n\n<p><\/p>\n\n\n\n<p><\/p>\n","protected":false},"excerpt":{"rendered":"<div class=\"mh-excerpt\"><p>Tal como en robotech existir\u00e1 la tecnolog\u00eda para reducir a las personas a escala?, esto representa para las personas una segunda oportunidad con el planeta <a class=\"mh-excerpt-more\" href=\"https:\/\/reneramon.cl\/index.php\/2021\/08\/01\/se-podra-alguna-vez-reducir-a-escala-el-tamano-de-las-personas\/\" title=\"Se podr\u00e1 alguna vez reducir a escala el tama\u00f1o de las personas?\">[&#8230;]<\/a><\/p>\n<\/div>","protected":false},"author":1,"featured_media":1120,"comment_status":"closed","ping_status":"open","sticky":false,"template":"","format":"standard","meta":{"footnotes":""},"categories":[6],"tags":[],"class_list":["post-3275","post","type-post","status-publish","format-standard","has-post-thumbnail","hentry","category-opiniones"],"_links":{"self":[{"href":"https:\/\/reneramon.cl\/index.php\/wp-json\/wp\/v2\/posts\/3275","targetHints":{"allow":["GET"]}}],"collection":[{"href":"https:\/\/reneramon.cl\/index.php\/wp-json\/wp\/v2\/posts"}],"about":[{"href":"https:\/\/reneramon.cl\/index.php\/wp-json\/wp\/v2\/types\/post"}],"author":[{"embeddable":true,"href":"https:\/\/reneramon.cl\/index.php\/wp-json\/wp\/v2\/users\/1"}],"replies":[{"embeddable":true,"href":"https:\/\/reneramon.cl\/index.php\/wp-json\/wp\/v2\/comments?post=3275"}],"version-history":[{"count":1,"href":"https:\/\/reneramon.cl\/index.php\/wp-json\/wp\/v2\/posts\/3275\/revisions"}],"predecessor-version":[{"id":3276,"href":"https:\/\/reneramon.cl\/index.php\/wp-json\/wp\/v2\/posts\/3275\/revisions\/3276"}],"wp:featuredmedia":[{"embeddable":true,"href":"https:\/\/reneramon.cl\/index.php\/wp-json\/wp\/v2\/media\/1120"}],"wp:attachment":[{"href":"https:\/\/reneramon.cl\/index.php\/wp-json\/wp\/v2\/media?parent=3275"}],"wp:term":[{"taxonomy":"category","embeddable":true,"href":"https:\/\/reneramon.cl\/index.php\/wp-json\/wp\/v2\/categories?post=3275"},{"taxonomy":"post_tag","embeddable":true,"href":"https:\/\/reneramon.cl\/index.php\/wp-json\/wp\/v2\/tags?post=3275"}],"curies":[{"name":"wp","href":"https:\/\/api.w.org\/{rel}","templated":true}]}}