{"id":3283,"date":"2021-08-03T09:23:54","date_gmt":"2021-08-03T09:23:54","guid":{"rendered":"http:\/\/reneramon.cl\/?p=3283"},"modified":"2024-02-02T19:56:58","modified_gmt":"2024-02-02T22:56:58","slug":"es-justo-que-los-inmigrantes-trabajen-por-migajas","status":"publish","type":"post","link":"https:\/\/reneramon.cl\/index.php\/2021\/08\/03\/es-justo-que-los-inmigrantes-trabajen-por-migajas\/","title":{"rendered":"Es justo que los inmigrantes trabajen por Migajas?"},"content":{"rendered":"\n<p>Yo no los traje<br>Soy receloso en cuanto a esto porque el final de esto puede ser catastr\u00f3fico<br>Pero ya llegaron ya est\u00e1n entre nosotros y si queremos un pa\u00eds Unido tenemos que ser justos en cuanto los salarios Porque existe el karma<\/p>\n\n\n\n<p>Siempre se habla que queremos ser un pa\u00eds de primer mundo nos comparamos con econom\u00edas como Portugal<\/p>\n\n\n\n<p>Pero el punto es que si no se van buenos salarios puede venir una cat\u00e1strofe<\/p>\n\n\n\n<p>Debido a qu\u00e9 el n\u00famero de inmigrantes es un importante grupo de personas que dentro de unos pocos a\u00f1os puede generar su propio candidato pol\u00edticos<\/p>\n\n\n\n<p>Adem\u00e1s a nivel internacional podemos ser denunciados como pa\u00eds por fomentar la esclavitud ojo con eso.<\/p>\n\n\n\n<p><\/p>\n\n\n\n<p>Y si las empresas chilenas no son capaces para pagar salario de acuerdo a b\u00e1sico para subsistir entonces como ellos mismos mediante su pol\u00edticos fomentaron la apertura econ\u00f3mica del pa\u00eds que entren capitales de diversos pa\u00edses de latinoam\u00e9rica independiente de su formaci\u00f3n C\u00f3mo empresa para reemplazar aquellas que no son capaces de dar sueldos dignos.<\/p>\n\n\n\n<p><\/p>\n\n\n\n<p>En esta ocasi\u00f3n estoy de parte del trabajador independiente de sus colores porque aqu\u00ed no hubo voluntad de parte del Estado para crear inmigraci\u00f3n segura tenemos cientos de senadores y Diputados que no quisieron crear una nueva ley de inmigraci\u00f3n el oficialismo tampoco entonces que se reviente las empresas si es que acaso no son capaces de dar sueldos dignos el Libre Mercado y la apertura econ\u00f3mica chilena har\u00e1n que lleguen inversiones extranjeras a llenar el empresariado deficiente local.<\/p>\n","protected":false},"excerpt":{"rendered":"<div class=\"mh-excerpt\"><p>Yo no los trajeSoy receloso en cuanto a esto porque el final de esto puede ser catastr\u00f3ficoPero ya llegaron ya est\u00e1n entre nosotros y si <a class=\"mh-excerpt-more\" href=\"https:\/\/reneramon.cl\/index.php\/2021\/08\/03\/es-justo-que-los-inmigrantes-trabajen-por-migajas\/\" title=\"Es justo que los inmigrantes trabajen por Migajas?\">[&#8230;]<\/a><\/p>\n<\/div>","protected":false},"author":1,"featured_media":1120,"comment_status":"closed","ping_status":"open","sticky":false,"template":"","format":"standard","meta":{"footnotes":""},"categories":[6],"tags":[],"class_list":["post-3283","post","type-post","status-publish","format-standard","has-post-thumbnail","hentry","category-opiniones"],"_links":{"self":[{"href":"https:\/\/reneramon.cl\/index.php\/wp-json\/wp\/v2\/posts\/3283","targetHints":{"allow":["GET"]}}],"collection":[{"href":"https:\/\/reneramon.cl\/index.php\/wp-json\/wp\/v2\/posts"}],"about":[{"href":"https:\/\/reneramon.cl\/index.php\/wp-json\/wp\/v2\/types\/post"}],"author":[{"embeddable":true,"href":"https:\/\/reneramon.cl\/index.php\/wp-json\/wp\/v2\/users\/1"}],"replies":[{"embeddable":true,"href":"https:\/\/reneramon.cl\/index.php\/wp-json\/wp\/v2\/comments?post=3283"}],"version-history":[{"count":1,"href":"https:\/\/reneramon.cl\/index.php\/wp-json\/wp\/v2\/posts\/3283\/revisions"}],"predecessor-version":[{"id":3284,"href":"https:\/\/reneramon.cl\/index.php\/wp-json\/wp\/v2\/posts\/3283\/revisions\/3284"}],"wp:featuredmedia":[{"embeddable":true,"href":"https:\/\/reneramon.cl\/index.php\/wp-json\/wp\/v2\/media\/1120"}],"wp:attachment":[{"href":"https:\/\/reneramon.cl\/index.php\/wp-json\/wp\/v2\/media?parent=3283"}],"wp:term":[{"taxonomy":"category","embeddable":true,"href":"https:\/\/reneramon.cl\/index.php\/wp-json\/wp\/v2\/categories?post=3283"},{"taxonomy":"post_tag","embeddable":true,"href":"https:\/\/reneramon.cl\/index.php\/wp-json\/wp\/v2\/tags?post=3283"}],"curies":[{"name":"wp","href":"https:\/\/api.w.org\/{rel}","templated":true}]}}