{"id":3285,"date":"2021-08-03T09:40:41","date_gmt":"2021-08-03T09:40:41","guid":{"rendered":"http:\/\/reneramon.cl\/?p=3285"},"modified":"2024-02-02T19:56:58","modified_gmt":"2024-02-02T22:56:58","slug":"los-nacionalistas-debemos-proteger-a-los-inmigrantes","status":"publish","type":"post","link":"https:\/\/reneramon.cl\/index.php\/2021\/08\/03\/los-nacionalistas-debemos-proteger-a-los-inmigrantes\/","title":{"rendered":"Los nacionalistas debemos proteger a los inmigrantes?"},"content":{"rendered":"\n<p>Llegu\u00e9 a la conclusi\u00f3n que s\u00ed porque el objetivo del nacionalismo es crear Uni\u00f3n entre los habitantes de una naci\u00f3n Y si los organismos de poder no son capaces de crear pol\u00edticas de inmigraci\u00f3n de acuerdo a la realidad del pa\u00eds y del continente no es problema del inmigrante que entr\u00f3 sino de los pol\u00edticos de turno que no saben hacer su trabajo.<\/p>\n\n\n\n<p>C\u00f3mo nacionalistas debemos encargarnos que se le respeten los derechos laborales a todos los inmigrantes para que tengan los mismos derechos y obligaciones de los demases trabajadores nacionales.<\/p>\n\n\n\n<p><\/p>\n\n\n\n<p>Como nacionalistas , no podemos ver al inmigrante como enemigo , porque es el poder pol\u00edtico mas el empresariado el encargado de crear las pol\u00edticas adecuadas para los ciudadanos , por ello , nuestro \u00fanico rol , es EXIGIR , IGUALDAD DE DERECHOS Y OBLIGACIONES EN CUANTO A SALARIOS , TAMBIEN EN EXIGIR MEJORES SUELDOS Y CONDICIONES DIGNAS DE VIDA ..<\/p>\n\n\n\n<p><\/p>\n\n\n\n<p>tambi\u00e9n llegue a la conclusi\u00f3n , que debemos exigir la llegada de mas capitales extranjeros para crear mas vetas laborales , es la \u00fanica manera de terminar con el monopolio de aquellas empresas que fomentan el esclavismo , en especial en el campo agrario.<\/p>\n","protected":false},"excerpt":{"rendered":"<div class=\"mh-excerpt\"><p>Llegu\u00e9 a la conclusi\u00f3n que s\u00ed porque el objetivo del nacionalismo es crear Uni\u00f3n entre los habitantes de una naci\u00f3n Y si los organismos de <a class=\"mh-excerpt-more\" href=\"https:\/\/reneramon.cl\/index.php\/2021\/08\/03\/los-nacionalistas-debemos-proteger-a-los-inmigrantes\/\" title=\"Los nacionalistas debemos proteger a los inmigrantes?\">[&#8230;]<\/a><\/p>\n<\/div>","protected":false},"author":1,"featured_media":1120,"comment_status":"closed","ping_status":"open","sticky":false,"template":"","format":"standard","meta":{"footnotes":""},"categories":[6],"tags":[],"class_list":["post-3285","post","type-post","status-publish","format-standard","has-post-thumbnail","hentry","category-opiniones"],"_links":{"self":[{"href":"https:\/\/reneramon.cl\/index.php\/wp-json\/wp\/v2\/posts\/3285","targetHints":{"allow":["GET"]}}],"collection":[{"href":"https:\/\/reneramon.cl\/index.php\/wp-json\/wp\/v2\/posts"}],"about":[{"href":"https:\/\/reneramon.cl\/index.php\/wp-json\/wp\/v2\/types\/post"}],"author":[{"embeddable":true,"href":"https:\/\/reneramon.cl\/index.php\/wp-json\/wp\/v2\/users\/1"}],"replies":[{"embeddable":true,"href":"https:\/\/reneramon.cl\/index.php\/wp-json\/wp\/v2\/comments?post=3285"}],"version-history":[{"count":3,"href":"https:\/\/reneramon.cl\/index.php\/wp-json\/wp\/v2\/posts\/3285\/revisions"}],"predecessor-version":[{"id":3288,"href":"https:\/\/reneramon.cl\/index.php\/wp-json\/wp\/v2\/posts\/3285\/revisions\/3288"}],"wp:featuredmedia":[{"embeddable":true,"href":"https:\/\/reneramon.cl\/index.php\/wp-json\/wp\/v2\/media\/1120"}],"wp:attachment":[{"href":"https:\/\/reneramon.cl\/index.php\/wp-json\/wp\/v2\/media?parent=3285"}],"wp:term":[{"taxonomy":"category","embeddable":true,"href":"https:\/\/reneramon.cl\/index.php\/wp-json\/wp\/v2\/categories?post=3285"},{"taxonomy":"post_tag","embeddable":true,"href":"https:\/\/reneramon.cl\/index.php\/wp-json\/wp\/v2\/tags?post=3285"}],"curies":[{"name":"wp","href":"https:\/\/api.w.org\/{rel}","templated":true}]}}