{"id":3295,"date":"2021-08-10T00:08:36","date_gmt":"2021-08-10T00:08:36","guid":{"rendered":"http:\/\/reneramon.cl\/?p=3295"},"modified":"2024-02-02T19:56:58","modified_gmt":"2024-02-02T22:56:58","slug":"la-cruz-de-malta-y-la-particula-de-luz-algo-en-comun-las-une","status":"publish","type":"post","link":"https:\/\/reneramon.cl\/index.php\/2021\/08\/10\/la-cruz-de-malta-y-la-particula-de-luz-algo-en-comun-las-une\/","title":{"rendered":"la cruz de malta y la part\u00edcula de luz , algo en com\u00fan las une&#8230;"},"content":{"rendered":"\n<p>casualidad?<br>algo m\u00e1s?<\/p>\n\n\n\n<p>que opinan uds&#8230;<\/p>\n\n\n\n<figure class=\"wp-block-image\"><img decoding=\"async\" src=\"https:\/\/static3.abc.es\/media\/ciencia\/2016\/07\/25\/Holograma-foton-particula-khIE--620x349@abc.jpg\" alt=\"\"\/><\/figure>\n\n\n\n<p>\u00bfCu\u00e1ndo y porqu\u00e9 surge la cruz de Malta?<\/p>\n\n\n\n<p><\/p>\n\n\n\n<p>La\u00a0<strong>Cruz de Malta<\/strong>, llamada tambi\u00e9n de San Juan, de ocho puntas u oct\u00f3gona, es un s\u00edmbolo usado desde el siglo XII como insignia o venera por los caballeros hospitalarios o de la Orden de San Juan de Jerusal\u00e9n (llamada tambi\u00e9n de\u00a0<strong>Malta<\/strong>\u00a0desde que el rey Carlos I de Espa\u00f1a le dio en feudo esta isla en el siglo XVI).<\/p>\n","protected":false},"excerpt":{"rendered":"<div class=\"mh-excerpt\"><p>casualidad?algo m\u00e1s? que opinan uds&#8230; \u00bfCu\u00e1ndo y porqu\u00e9 surge la cruz de Malta? La\u00a0Cruz de Malta, llamada tambi\u00e9n de San Juan, de ocho puntas u <a class=\"mh-excerpt-more\" href=\"https:\/\/reneramon.cl\/index.php\/2021\/08\/10\/la-cruz-de-malta-y-la-particula-de-luz-algo-en-comun-las-une\/\" title=\"la cruz de malta y la part\u00edcula de luz , algo en com\u00fan las une&#8230;\">[&#8230;]<\/a><\/p>\n<\/div>","protected":false},"author":1,"featured_media":1120,"comment_status":"closed","ping_status":"open","sticky":false,"template":"","format":"standard","meta":{"footnotes":""},"categories":[6],"tags":[],"class_list":["post-3295","post","type-post","status-publish","format-standard","has-post-thumbnail","hentry","category-opiniones"],"_links":{"self":[{"href":"https:\/\/reneramon.cl\/index.php\/wp-json\/wp\/v2\/posts\/3295","targetHints":{"allow":["GET"]}}],"collection":[{"href":"https:\/\/reneramon.cl\/index.php\/wp-json\/wp\/v2\/posts"}],"about":[{"href":"https:\/\/reneramon.cl\/index.php\/wp-json\/wp\/v2\/types\/post"}],"author":[{"embeddable":true,"href":"https:\/\/reneramon.cl\/index.php\/wp-json\/wp\/v2\/users\/1"}],"replies":[{"embeddable":true,"href":"https:\/\/reneramon.cl\/index.php\/wp-json\/wp\/v2\/comments?post=3295"}],"version-history":[{"count":1,"href":"https:\/\/reneramon.cl\/index.php\/wp-json\/wp\/v2\/posts\/3295\/revisions"}],"predecessor-version":[{"id":3296,"href":"https:\/\/reneramon.cl\/index.php\/wp-json\/wp\/v2\/posts\/3295\/revisions\/3296"}],"wp:featuredmedia":[{"embeddable":true,"href":"https:\/\/reneramon.cl\/index.php\/wp-json\/wp\/v2\/media\/1120"}],"wp:attachment":[{"href":"https:\/\/reneramon.cl\/index.php\/wp-json\/wp\/v2\/media?parent=3295"}],"wp:term":[{"taxonomy":"category","embeddable":true,"href":"https:\/\/reneramon.cl\/index.php\/wp-json\/wp\/v2\/categories?post=3295"},{"taxonomy":"post_tag","embeddable":true,"href":"https:\/\/reneramon.cl\/index.php\/wp-json\/wp\/v2\/tags?post=3295"}],"curies":[{"name":"wp","href":"https:\/\/api.w.org\/{rel}","templated":true}]}}