{"id":3298,"date":"2021-08-11T03:11:27","date_gmt":"2021-08-11T03:11:27","guid":{"rendered":"http:\/\/reneramon.cl\/?p=3298"},"modified":"2024-02-02T19:56:58","modified_gmt":"2024-02-02T22:56:58","slug":"si-se-sigue-secando-el-acuifero-cordillerano-es-posible-que-se-active-el-cordon-volcanico","status":"publish","type":"post","link":"https:\/\/reneramon.cl\/index.php\/2021\/08\/11\/si-se-sigue-secando-el-acuifero-cordillerano-es-posible-que-se-active-el-cordon-volcanico\/","title":{"rendered":"si se sigue secando el acu\u00edfero cordillerano , es posible que se active el cord\u00f3n volc\u00e1nico??"},"content":{"rendered":"\n<p>ya sabemos que la ambici\u00f3n de los agr\u00edcolas y forestales esta secando el pa\u00eds , mas el calentamiento global esta haciendo peligrar la viabilidad de la vida en la zona central del pa\u00eds&#8230;<\/p>\n\n\n\n<p>pero veamos otras consecuencias<\/p>\n\n\n\n<p>es posible que con la escases de aguas en los acu\u00edferos cordilleranos se active el cord\u00f3n de fuego?<\/p>\n\n\n\n<p>tanto como volcanes y posibles terremotos??<\/p>\n\n\n\n<p><\/p>\n\n\n\n<p>Y por qu\u00e9 no?<\/p>\n\n\n\n<p>Es cosa de pensar que donde hubo humedad flexibilidad de tierra Hoy hay sequedad los t\u00faneles internos en vez de llevar agua llevan aire ahora qu\u00e9 tipo de aire fr\u00edo o caliente depende todo depende es posible que tengamos socavones a futuro por falta de agua en la superficie y en el interior de la Tierra tienen que pensar que en el exterior aument\u00f3 la temperatura entonces existe una presi\u00f3n inversa Qu\u00e9 hace que el aire se calienta en el interior ahora quiz\u00e1s es com\u00fan en otras partes del mundo pero es com\u00fan en Chile?<\/p>\n\n\n\n<p><\/p>\n\n\n\n<figure class=\"wp-block-embed-wordpress wp-block-embed is-type-wp-embed is-provider-fundacion-glaciares-chilenos\"><div class=\"wp-block-embed__wrapper\">\n<blockquote class=\"wp-embedded-content\" data-secret=\"cKC5SC3rFm\"><a href=\"https:\/\/www.glaciareschilenos.org\/ciencia\/glaciares-y-volcanes-una-relacion-de-dependencia-entre-el-hielo-y-el-fuego\/\">Glaciares y volcanes, una relaci\u00f3n de dependencia entre el hielo y el fuego<\/a><\/blockquote><iframe loading=\"lazy\" class=\"wp-embedded-content\" sandbox=\"allow-scripts\" security=\"restricted\" style=\"position: absolute; clip: rect(1px, 1px, 1px, 1px);\" title=\"\u00abGlaciares y volcanes, una relaci\u00f3n de dependencia entre el hielo y el fuego\u00bb \u2014 Fundaci\u00f3n Glaciares Chilenos\" src=\"https:\/\/www.glaciareschilenos.org\/ciencia\/glaciares-y-volcanes-una-relacion-de-dependencia-entre-el-hielo-y-el-fuego\/embed\/#?secret=f010SrM6rn#?secret=cKC5SC3rFm\" data-secret=\"cKC5SC3rFm\" width=\"500\" height=\"282\" frameborder=\"0\" marginwidth=\"0\" marginheight=\"0\" scrolling=\"no\"><\/iframe>\n<\/div><\/figure>\n","protected":false},"excerpt":{"rendered":"<div class=\"mh-excerpt\"><p>ya sabemos que la ambici\u00f3n de los agr\u00edcolas y forestales esta secando el pa\u00eds , mas el calentamiento global esta haciendo peligrar la viabilidad de <a class=\"mh-excerpt-more\" href=\"https:\/\/reneramon.cl\/index.php\/2021\/08\/11\/si-se-sigue-secando-el-acuifero-cordillerano-es-posible-que-se-active-el-cordon-volcanico\/\" title=\"si se sigue secando el acu\u00edfero cordillerano , es posible que se active el cord\u00f3n volc\u00e1nico??\">[&#8230;]<\/a><\/p>\n<\/div>","protected":false},"author":1,"featured_media":1120,"comment_status":"closed","ping_status":"open","sticky":false,"template":"","format":"standard","meta":{"footnotes":""},"categories":[6],"tags":[],"class_list":["post-3298","post","type-post","status-publish","format-standard","has-post-thumbnail","hentry","category-opiniones"],"_links":{"self":[{"href":"https:\/\/reneramon.cl\/index.php\/wp-json\/wp\/v2\/posts\/3298","targetHints":{"allow":["GET"]}}],"collection":[{"href":"https:\/\/reneramon.cl\/index.php\/wp-json\/wp\/v2\/posts"}],"about":[{"href":"https:\/\/reneramon.cl\/index.php\/wp-json\/wp\/v2\/types\/post"}],"author":[{"embeddable":true,"href":"https:\/\/reneramon.cl\/index.php\/wp-json\/wp\/v2\/users\/1"}],"replies":[{"embeddable":true,"href":"https:\/\/reneramon.cl\/index.php\/wp-json\/wp\/v2\/comments?post=3298"}],"version-history":[{"count":2,"href":"https:\/\/reneramon.cl\/index.php\/wp-json\/wp\/v2\/posts\/3298\/revisions"}],"predecessor-version":[{"id":3300,"href":"https:\/\/reneramon.cl\/index.php\/wp-json\/wp\/v2\/posts\/3298\/revisions\/3300"}],"wp:featuredmedia":[{"embeddable":true,"href":"https:\/\/reneramon.cl\/index.php\/wp-json\/wp\/v2\/media\/1120"}],"wp:attachment":[{"href":"https:\/\/reneramon.cl\/index.php\/wp-json\/wp\/v2\/media?parent=3298"}],"wp:term":[{"taxonomy":"category","embeddable":true,"href":"https:\/\/reneramon.cl\/index.php\/wp-json\/wp\/v2\/categories?post=3298"},{"taxonomy":"post_tag","embeddable":true,"href":"https:\/\/reneramon.cl\/index.php\/wp-json\/wp\/v2\/tags?post=3298"}],"curies":[{"name":"wp","href":"https:\/\/api.w.org\/{rel}","templated":true}]}}