{"id":3353,"date":"2021-09-06T17:51:51","date_gmt":"2021-09-06T17:51:51","guid":{"rendered":"http:\/\/reneramon.cl\/?p=3353"},"modified":"2024-02-02T19:56:57","modified_gmt":"2024-02-02T22:56:57","slug":"va-a-formar-parte-del-firmamento-el-super-heroe-de-mi-infancia-jean-paul-belmondo","status":"publish","type":"post","link":"https:\/\/reneramon.cl\/index.php\/2021\/09\/06\/va-a-formar-parte-del-firmamento-el-super-heroe-de-mi-infancia-jean-paul-belmondo\/","title":{"rendered":"VA A FORMAR PARTE DEL FIRMAMENTO EL SUPER HEROE DE MI INFANCIA JEAN PAUL BELMONDO"},"content":{"rendered":"\n<p>Fallece el actor franc\u00e9s Jean-Paul Belmondo<\/p>\n\n\n\n<figure class=\"wp-block-image\"><img decoding=\"async\" src=\"https:\/\/www.latercera.com\/resizer\/P3AJ8tMyUDBq4y2h5AkjpQT2Je4=\/900x600\/smart\/cloudfront-us-east-1.images.arcpublishing.com\/copesa\/PJN4IXUHMVFGFE6OIPNFQUFSQQ.jpeg\" alt=\"\"\/><\/figure>\n\n\n\n<p><\/p>\n\n\n\n<p>Int\u00e9rprete \u00edcono de la Nouvelle Vague, trabaj\u00f3 junto a Fran\u00e7ois Truffaut, Alain Resnais, Claude Chabrol y sobre todo con Jean-Luc Godard, con quien estuvo en los filmes Al final de la escapada y Pierrot le fou.<\/p>\n\n\n\n<p><\/p>\n\n\n\n<p>Seg\u00fan reporta la agencia de noticias AFP, este lunes ha fallecido el reconocido actor franc\u00e9s Jean-Paul Belmondo a la edad de 88 a\u00f1os, sin especificar la causa del deceso, aunque medios de pa\u00eds indican que el hecho ocurri\u00f3 en su casa, de manera tranquila.<\/p>\n\n\n\n<p>El int\u00e9rprete, oriundo de Neuilly-sur-Seine, fue uno de los actores franceses \u00edcono del siglo XX siendo uno de los \u00edconos de la Nouvelle Vague. Entre otros, trabaj\u00f3 junto a Fran\u00e7ois Truffaut, Alain Resnais, Claude Chabrol y Jean-Pierre Melville.<\/p>\n\n\n\n<p>Pero con quien tuvo m\u00e1s renombre, fue con Jean-Luc Godard, quien fue de alg\u00fan modo su descubridor. \u201cDud\u00e9 sobre sus intenciones reales\u201d, explic\u00f3 alguna vez al diario&nbsp;<em>Lib\u00e9ration<\/em>. \u201cLe respond\u00ed que el cine no me interesaba nada de nada\u201d. Pero ante las ganas del cineasta simplemente opt\u00f3 por rodar.<\/p>\n\n\n\n<p><\/p>\n\n\n\n<p>As\u00ed se hizo el cortometraje&nbsp;<em>Charlotte et son Jules (1959)<\/em>. Luego, trabajaron juntos en otros filmes como<em>&nbsp;Al final de la escapada<\/em>&nbsp;y&nbsp;<em>Pierrot le fou<\/em>.<\/p>\n\n\n\n<p>En su trayectoria tuvo diversos reconocimientos, como el Le\u00f3n Dorado a toda una trayectoria, en el Festival de cine de Venecia, en 2016. Adem\u00e1s, el prestigioso Premio Cesar al mejor actor por<em>&nbsp;Itin\u00e9raire d\u2019un enfant g\u00e2t\u00e9<\/em>,&nbsp;en 1989; o el Premio&nbsp;<em>Brigadier<\/em>&nbsp;por&nbsp;<em>Kean,&nbsp;<\/em>de Jean-Paul Sartre, en 1987.<\/p>\n\n\n\n<p><\/p>\n\n\n\n<figure class=\"wp-block-embed-youtube wp-block-embed is-type-video is-provider-youtube wp-embed-aspect-16-9 wp-has-aspect-ratio\"><div class=\"wp-block-embed__wrapper\">\n<iframe loading=\"lazy\" title=\"EL MAGNIFICO - TATIANA - JACQUELINE BISSET - JEAN PAUL BELMONDO\" width=\"500\" height=\"281\" src=\"https:\/\/www.youtube.com\/embed\/bv3IPue5VW4?feature=oembed\" frameborder=\"0\" allow=\"accelerometer; autoplay; clipboard-write; encrypted-media; gyroscope; picture-in-picture; web-share\" referrerpolicy=\"strict-origin-when-cross-origin\" allowfullscreen><\/iframe>\n<\/div><\/figure>\n\n\n\n<p><\/p>\n\n\n\n<figure class=\"wp-block-embed-youtube wp-block-embed is-type-video is-provider-youtube wp-embed-aspect-4-3 wp-has-aspect-ratio\"><div class=\"wp-block-embed__wrapper\">\n<iframe loading=\"lazy\" title=\"Le Magnifique Trailer Jean-Paul Belmondo\" width=\"500\" height=\"281\" src=\"https:\/\/www.youtube.com\/embed\/cly4X01y3Yk?feature=oembed\" frameborder=\"0\" allow=\"accelerometer; autoplay; clipboard-write; encrypted-media; gyroscope; picture-in-picture; web-share\" referrerpolicy=\"strict-origin-when-cross-origin\" allowfullscreen><\/iframe>\n<\/div><\/figure>\n\n\n\n<figure class=\"wp-block-embed-youtube wp-block-embed is-type-video is-provider-youtube wp-embed-aspect-16-9 wp-has-aspect-ratio\"><div class=\"wp-block-embed__wrapper\">\n<iframe loading=\"lazy\" title=\"Muere el actor franc\u00e9s JEAN-PAUL BELMONDO con 88 a\u00f1os en PAR\u00cdS | RTVE Noticias\" width=\"500\" height=\"281\" src=\"https:\/\/www.youtube.com\/embed\/BCFLT59bHQI?feature=oembed\" frameborder=\"0\" allow=\"accelerometer; autoplay; clipboard-write; encrypted-media; gyroscope; picture-in-picture; web-share\" referrerpolicy=\"strict-origin-when-cross-origin\" allowfullscreen><\/iframe>\n<\/div><\/figure>\n","protected":false},"excerpt":{"rendered":"<div class=\"mh-excerpt\"><p>Fallece el actor franc\u00e9s Jean-Paul Belmondo Int\u00e9rprete \u00edcono de la Nouvelle Vague, trabaj\u00f3 junto a Fran\u00e7ois Truffaut, Alain Resnais, Claude Chabrol y sobre todo con <a class=\"mh-excerpt-more\" href=\"https:\/\/reneramon.cl\/index.php\/2021\/09\/06\/va-a-formar-parte-del-firmamento-el-super-heroe-de-mi-infancia-jean-paul-belmondo\/\" title=\"VA A FORMAR PARTE DEL FIRMAMENTO EL SUPER HEROE DE MI INFANCIA JEAN PAUL BELMONDO\">[&#8230;]<\/a><\/p>\n<\/div>","protected":false},"author":1,"featured_media":3354,"comment_status":"closed","ping_status":"open","sticky":false,"template":"","format":"standard","meta":{"footnotes":""},"categories":[6],"tags":[],"class_list":["post-3353","post","type-post","status-publish","format-standard","has-post-thumbnail","hentry","category-opiniones"],"_links":{"self":[{"href":"https:\/\/reneramon.cl\/index.php\/wp-json\/wp\/v2\/posts\/3353","targetHints":{"allow":["GET"]}}],"collection":[{"href":"https:\/\/reneramon.cl\/index.php\/wp-json\/wp\/v2\/posts"}],"about":[{"href":"https:\/\/reneramon.cl\/index.php\/wp-json\/wp\/v2\/types\/post"}],"author":[{"embeddable":true,"href":"https:\/\/reneramon.cl\/index.php\/wp-json\/wp\/v2\/users\/1"}],"replies":[{"embeddable":true,"href":"https:\/\/reneramon.cl\/index.php\/wp-json\/wp\/v2\/comments?post=3353"}],"version-history":[{"count":3,"href":"https:\/\/reneramon.cl\/index.php\/wp-json\/wp\/v2\/posts\/3353\/revisions"}],"predecessor-version":[{"id":3357,"href":"https:\/\/reneramon.cl\/index.php\/wp-json\/wp\/v2\/posts\/3353\/revisions\/3357"}],"wp:featuredmedia":[{"embeddable":true,"href":"https:\/\/reneramon.cl\/index.php\/wp-json\/wp\/v2\/media\/3354"}],"wp:attachment":[{"href":"https:\/\/reneramon.cl\/index.php\/wp-json\/wp\/v2\/media?parent=3353"}],"wp:term":[{"taxonomy":"category","embeddable":true,"href":"https:\/\/reneramon.cl\/index.php\/wp-json\/wp\/v2\/categories?post=3353"},{"taxonomy":"post_tag","embeddable":true,"href":"https:\/\/reneramon.cl\/index.php\/wp-json\/wp\/v2\/tags?post=3353"}],"curies":[{"name":"wp","href":"https:\/\/api.w.org\/{rel}","templated":true}]}}