{"id":3411,"date":"2021-10-04T18:38:28","date_gmt":"2021-10-04T18:38:28","guid":{"rendered":"http:\/\/reneramon.cl\/?p=3411"},"modified":"2024-02-02T19:56:57","modified_gmt":"2024-02-02T22:56:57","slug":"porque-no-kast-motivos","status":"publish","type":"post","link":"https:\/\/reneramon.cl\/index.php\/2021\/10\/04\/porque-no-kast-motivos\/","title":{"rendered":"Porque no Kast motivos"},"content":{"rendered":"\n<p>Estuve leyendo su programa de gobierno si sale electo analizar\u00e9 en este primer post un solo punto.<\/p>\n\n\n\n<p>El se\u00f1or Kast habla de reducir el estado para aumentar la  ayuda social y m\u00e1s recursos para la salud<\/p>\n\n\n\n<p>La pregunta es?<\/p>\n\n\n\n<p>Para que env\u00eda su hijo a la universidad a estudiar 8 o 10 semestres quedar con una deuda para que en el campo laboral solo pueda vender churros?<\/p>\n\n\n\n<p>Es o no es real qu\u00e9 no existe una gran variable laboral de mano calificada por el exceso de tratados de libre comercio con Asia?<\/p>\n\n\n\n<p>C\u00f3mo el se\u00f1or kast representa o represent\u00f3 al empresariado chileno qu\u00e9 en t\u00e9rminos generales representa agricultura miner\u00eda y comercio quiz\u00e1s su ideolog\u00eda en cuanto a la capacidad de razonar se aplica m\u00e1s hacia ese sector.<\/p>\n\n\n\n<p>Porque le di la prioridad se\u00f1or kast y sichel de responder en cuanto a su postura en cuanto al bloque aukus ?<\/p>\n\n\n\n<p>Porque a pesar de todo ten\u00eda remotas esperanzas En qu\u00e9 esto quiz\u00e1s podr\u00eda solucionarse de manera pac\u00edfica Estableciendo a futuro un nuevo bloque econ\u00f3mico o retomando un bloque econ\u00f3mico de anta\u00f1o C\u00f3mo es Reino Unido y Estados Unidos<\/p>\n\n\n\n<p>Porque por lo que veo todos los actuales gobiernos tienen una posici\u00f3n de Asia Pac\u00edfico y ese mercado el asi\u00e1tico se est\u00e1 comiendo todo el aparato de productos manufacturados.<\/p>\n\n\n\n<p>En conclusi\u00f3n y lo que me dice el sentido com\u00fan prefiero negociar con una econom\u00eda con pocos habitantes en comparaci\u00f3n a la asi\u00e1tica que pueda generar vetas de laborales a largo plazo de dependencia respetando normas laborales respetando Derechos Humanos en vez de seguir con la tiran\u00eda marxista.<\/p>\n\n\n\n<p>Por ello no voto kast porque a estas alturas del partido es impresentable hablar de achicar el estado sin generar trabajo en el sector privado y donde el bloque que el representa del empresariado prefiere ir a construir m\u00e1quinas a Asia con dineros de gente chilena para vend\u00e9rselo a los chilenos posteriormente como un producto con marca chilena.<\/p>\n\n\n\n<p>Por eso y con responsabilidad lo digo a\u00fan tengo fe en mis fuerzas armadas en y armada de Chile estas dos principales instituciones que han sabido dar la cara los momentos dif\u00edciles del pa\u00eds.<\/p>\n\n\n\n<p>Ahora porque boric porque quiz\u00e1s no haga grandes cambios pero no va a destruir el aparato p\u00fablico y hacer Qu\u00e9 personas que viv\u00edan de salarios dignos vivan ahora de un IFE porque eso es lo que se plantea m\u00e1s ayuda social y menos aparato p\u00fablico.<\/p>\n\n\n\n<p>Pero c\u00f3mo dije para m\u00ed la soluci\u00f3n es alinearnos con aukus y generar un nuevo bloque econ\u00f3mico qu\u00e9 va a estar m\u00e1s balanceado por el n\u00famero de habitantes y por el estilo de vida.<\/p>\n\n\n\n<p><\/p>\n\n\n\n<p>porque la municipalidad crea trabajos temporales??<\/p>\n\n\n\n<p>porque quiere una municipalidad mas eficiente??<\/p>\n\n\n\n<p>o porque quiere dar trabajo en ves de regalar plata??<\/p>\n\n\n\n<figure class=\"wp-block-embed-twitter wp-block-embed is-type-rich is-provider-twitter\"><div class=\"wp-block-embed__wrapper\">\n<blockquote class=\"twitter-tweet\" data-width=\"500\" data-dnt=\"true\"><p lang=\"es\" dir=\"ltr\">Reducir el tama\u00f1o del Estado para aumentar la ayuda social y los recursos en salud es avanzar en buen gobierno. Muy bien <a href=\"https:\/\/twitter.com\/ignaciobriones_?ref_src=twsrc%5Etfw\">@ignaciobriones_<\/a> <a href=\"https:\/\/twitter.com\/Moreno_Fco?ref_src=twsrc%5Etfw\">@Moreno_Fco<\/a> <a href=\"https:\/\/twitter.com\/matiasacevedof?ref_src=twsrc%5Etfw\">@matiasacevedof<\/a> y equipo <a href=\"https:\/\/twitter.com\/DipresChile?ref_src=twsrc%5Etfw\">@DipresChile<\/a> <a href=\"https:\/\/t.co\/4MFa7umwNd\">pic.twitter.com\/4MFa7umwNd<\/a><\/p>&mdash; Jos\u00e9 Antonio Kast Rist \ud83d\udc4d\ud83c\udde8\ud83c\uddf1 (@joseantoniokast) <a href=\"https:\/\/twitter.com\/joseantoniokast\/status\/1248459662313189376?ref_src=twsrc%5Etfw\">April 10, 2020<\/a><\/blockquote><script async src=\"https:\/\/platform.twitter.com\/widgets.js\" charset=\"utf-8\"><\/script>\n<\/div><\/figure>\n\n\n\n<p><\/p>\n\n\n\n<p><\/p>\n\n\n\n<p>que hizo Pinochet con los tratados y el congreso en un a\u00f1o??<\/p>\n\n\n\n<p>cuantos a\u00f1os dura un presidente en Chile?<\/p>\n\n\n\n<p>se requiere apoyo del congreso para cambiar el pa\u00eds?<\/p>\n","protected":false},"excerpt":{"rendered":"<div class=\"mh-excerpt\"><p>Estuve leyendo su programa de gobierno si sale electo analizar\u00e9 en este primer post un solo punto. El se\u00f1or Kast habla de reducir el estado <a class=\"mh-excerpt-more\" href=\"https:\/\/reneramon.cl\/index.php\/2021\/10\/04\/porque-no-kast-motivos\/\" title=\"Porque no Kast motivos\">[&#8230;]<\/a><\/p>\n<\/div>","protected":false},"author":1,"featured_media":2938,"comment_status":"closed","ping_status":"open","sticky":false,"template":"","format":"standard","meta":{"footnotes":""},"categories":[6],"tags":[],"class_list":["post-3411","post","type-post","status-publish","format-standard","has-post-thumbnail","hentry","category-opiniones"],"_links":{"self":[{"href":"https:\/\/reneramon.cl\/index.php\/wp-json\/wp\/v2\/posts\/3411","targetHints":{"allow":["GET"]}}],"collection":[{"href":"https:\/\/reneramon.cl\/index.php\/wp-json\/wp\/v2\/posts"}],"about":[{"href":"https:\/\/reneramon.cl\/index.php\/wp-json\/wp\/v2\/types\/post"}],"author":[{"embeddable":true,"href":"https:\/\/reneramon.cl\/index.php\/wp-json\/wp\/v2\/users\/1"}],"replies":[{"embeddable":true,"href":"https:\/\/reneramon.cl\/index.php\/wp-json\/wp\/v2\/comments?post=3411"}],"version-history":[{"count":5,"href":"https:\/\/reneramon.cl\/index.php\/wp-json\/wp\/v2\/posts\/3411\/revisions"}],"predecessor-version":[{"id":3417,"href":"https:\/\/reneramon.cl\/index.php\/wp-json\/wp\/v2\/posts\/3411\/revisions\/3417"}],"wp:featuredmedia":[{"embeddable":true,"href":"https:\/\/reneramon.cl\/index.php\/wp-json\/wp\/v2\/media\/2938"}],"wp:attachment":[{"href":"https:\/\/reneramon.cl\/index.php\/wp-json\/wp\/v2\/media?parent=3411"}],"wp:term":[{"taxonomy":"category","embeddable":true,"href":"https:\/\/reneramon.cl\/index.php\/wp-json\/wp\/v2\/categories?post=3411"},{"taxonomy":"post_tag","embeddable":true,"href":"https:\/\/reneramon.cl\/index.php\/wp-json\/wp\/v2\/tags?post=3411"}],"curies":[{"name":"wp","href":"https:\/\/api.w.org\/{rel}","templated":true}]}}