{"id":3420,"date":"2021-10-05T05:36:23","date_gmt":"2021-10-05T05:36:23","guid":{"rendered":"http:\/\/reneramon.cl\/?p=3420"},"modified":"2024-02-02T19:56:57","modified_gmt":"2024-02-02T22:56:57","slug":"materia-salto-dimensional-y-reduccion-de-materia-y-percepcion-de-la-realidad","status":"publish","type":"post","link":"https:\/\/reneramon.cl\/index.php\/2021\/10\/05\/materia-salto-dimensional-y-reduccion-de-materia-y-percepcion-de-la-realidad\/","title":{"rendered":"Materia salto dimensional y reducci\u00f3n de materia y percepci\u00f3n de la realidad"},"content":{"rendered":"\n<p>Materia&nbsp;salto&nbsp;dimensional&nbsp;y&nbsp;reducci\u00f3n&nbsp;de&nbsp;materia&nbsp;y&nbsp;percepci\u00f3n&nbsp;de&nbsp;la&nbsp;realidad&nbsp;<\/p>\n\n\n\n<p>Este&nbsp;escrito&nbsp;est\u00e1&nbsp;realizado&nbsp;bajo&nbsp;la&nbsp;inspiraci\u00f3n&nbsp;del&nbsp;Dios&nbsp;visn\u00fa<\/p>\n\n\n\n<figure class=\"wp-block-embed-youtube wp-block-embed is-type-video is-provider-youtube wp-embed-aspect-16-9 wp-has-aspect-ratio\"><div class=\"wp-block-embed__wrapper\">\n<iframe loading=\"lazy\" title=\"Om Namo Bhagavate Vasudevaya - Great Dhun - Lira Versi\u00f3n -  Ren\u00e9 Poblete\" width=\"500\" height=\"281\" src=\"https:\/\/www.youtube.com\/embed\/4fn2NBBXH0Y?feature=oembed\" frameborder=\"0\" allow=\"accelerometer; autoplay; clipboard-write; encrypted-media; gyroscope; picture-in-picture; web-share\" referrerpolicy=\"strict-origin-when-cross-origin\" allowfullscreen><\/iframe>\n<\/div><\/figure>\n\n\n\n<p>Estaba&nbsp;escuchando&nbsp;el&nbsp;mantra&nbsp;qu\u00e9&nbsp;hice&nbsp;en&nbsp;versi\u00f3n&nbsp;Lira&nbsp;en&nbsp;su&nbsp;honor&nbsp;y&nbsp;me&nbsp;vino&nbsp;un&nbsp;flechazo&nbsp;en&nbsp;la&nbsp;mente&nbsp;en&nbsp;ocasiones&nbsp;anteriores&nbsp;les&nbsp;habl\u00e9&nbsp;sobre&nbsp;la&nbsp;diferencia&nbsp;entre&nbsp;escala&nbsp;minimizaci\u00f3n&nbsp;y&nbsp;maximizaci\u00f3n&nbsp;de&nbsp;esta&nbsp;por&nbsp;alquimia&nbsp;de&nbsp;los&nbsp;dioses.<\/p>\n\n\n\n<p><a href=\"Https:\/\/reneramon.Cl\/index.Php\/2020\/08\/27\/de-lo-finitamente-enorme-a-lo-infinitamente-pequeno\/\">Https:\/\/reneramon.Cl\/index.Php\/2020\/08\/27\/de-lo-finitamente-enorme-a-lo-infinitamente-pequeno\/<\/a><\/p>\n\n\n\n<p>Aqu\u00ed&nbsp;les&nbsp;dejo&nbsp;el&nbsp;texto&nbsp;de&nbsp;lo&nbsp;que&nbsp;les&nbsp;hablo<\/p>\n\n\n\n<p>Ahora&nbsp;qu\u00e9&nbsp;es&nbsp;lo&nbsp;que&nbsp;pens\u00e9&nbsp;hoy&nbsp;bajo&nbsp;la&nbsp;inspiraci\u00f3n&nbsp;divina<\/p>\n\n\n\n<p>Cuando&nbsp;los&nbsp;dioses&nbsp;bajan&nbsp;de&nbsp;dimensiones&nbsp;reducci\u00f3n&nbsp;escalar&nbsp;descomprime&nbsp;materia&nbsp;a&nbsp;Baja&nbsp;escala&nbsp;y&nbsp;lo&nbsp;que&nbsp;Nosotros&nbsp;llamamos&nbsp;sol&nbsp;o&nbsp;estrellas&nbsp;posiblemente&nbsp;sean&nbsp;\u00e1tomos&nbsp;de&nbsp;esa&nbsp;dimensi\u00f3n&nbsp;solamente&nbsp;que&nbsp;por&nbsp;nuestra&nbsp;capacidad&nbsp;cognitiva&nbsp;y&nbsp;perceptiva&nbsp;no&nbsp;somos&nbsp;capaces&nbsp;de&nbsp;dimensionar&nbsp;lo&nbsp;que&nbsp;vemos.<\/p>\n\n\n\n<p>A\u00fan no logro desarrollar mas estas ideas que a\u00fan estan frescas , pero con este nivel de conocimiento los DIOSES aseguran energ\u00eda infinita.<\/p>\n\n\n\n<p><\/p>\n\n\n\n<p>cuando se comprime la materia aumenta la fricci\u00f3n y a mayor compresi\u00f3n mayor radiaci\u00f3n ,pero esto tambi\u00e9n es relativo a la densidad de la dimensi\u00f3n<\/p>\n","protected":false},"excerpt":{"rendered":"<div class=\"mh-excerpt\"><p>Materia&nbsp;salto&nbsp;dimensional&nbsp;y&nbsp;reducci\u00f3n&nbsp;de&nbsp;materia&nbsp;y&nbsp;percepci\u00f3n&nbsp;de&nbsp;la&nbsp;realidad&nbsp; Este&nbsp;escrito&nbsp;est\u00e1&nbsp;realizado&nbsp;bajo&nbsp;la&nbsp;inspiraci\u00f3n&nbsp;del&nbsp;Dios&nbsp;visn\u00fa Estaba&nbsp;escuchando&nbsp;el&nbsp;mantra&nbsp;qu\u00e9&nbsp;hice&nbsp;en&nbsp;versi\u00f3n&nbsp;Lira&nbsp;en&nbsp;su&nbsp;honor&nbsp;y&nbsp;me&nbsp;vino&nbsp;un&nbsp;flechazo&nbsp;en&nbsp;la&nbsp;mente&nbsp;en&nbsp;ocasiones&nbsp;anteriores&nbsp;les&nbsp;habl\u00e9&nbsp;sobre&nbsp;la&nbsp;diferencia&nbsp;entre&nbsp;escala&nbsp;minimizaci\u00f3n&nbsp;y&nbsp;maximizaci\u00f3n&nbsp;de&nbsp;esta&nbsp;por&nbsp;alquimia&nbsp;de&nbsp;los&nbsp;dioses. Https:\/\/reneramon.Cl\/index.Php\/2020\/08\/27\/de-lo-finitamente-enorme-a-lo-infinitamente-pequeno\/ Aqu\u00ed&nbsp;les&nbsp;dejo&nbsp;el&nbsp;texto&nbsp;de&nbsp;lo&nbsp;que&nbsp;les&nbsp;hablo Ahora&nbsp;qu\u00e9&nbsp;es&nbsp;lo&nbsp;que&nbsp;pens\u00e9&nbsp;hoy&nbsp;bajo&nbsp;la&nbsp;inspiraci\u00f3n&nbsp;divina Cuando&nbsp;los&nbsp;dioses&nbsp;bajan&nbsp;de&nbsp;dimensiones&nbsp;reducci\u00f3n&nbsp;escalar&nbsp;descomprime&nbsp;materia&nbsp;a&nbsp;Baja&nbsp;escala&nbsp;y&nbsp;lo&nbsp;que&nbsp;Nosotros&nbsp;llamamos&nbsp;sol&nbsp;o&nbsp;estrellas&nbsp;posiblemente&nbsp;sean&nbsp;\u00e1tomos&nbsp;de&nbsp;esa&nbsp;dimensi\u00f3n&nbsp;solamente&nbsp;que&nbsp;por&nbsp;nuestra&nbsp;capacidad&nbsp;cognitiva&nbsp;y&nbsp;perceptiva&nbsp;no&nbsp;somos&nbsp;capaces&nbsp;de&nbsp;dimensionar&nbsp;lo&nbsp;que&nbsp;vemos. A\u00fan no logro desarrollar mas estas ideas que a\u00fan estan frescas , pero con este nivel de conocimiento <a class=\"mh-excerpt-more\" href=\"https:\/\/reneramon.cl\/index.php\/2021\/10\/05\/materia-salto-dimensional-y-reduccion-de-materia-y-percepcion-de-la-realidad\/\" title=\"Materia salto dimensional y reducci\u00f3n de materia y percepci\u00f3n de la realidad\">[&#8230;]<\/a><\/p>\n<\/div>","protected":false},"author":1,"featured_media":2619,"comment_status":"closed","ping_status":"open","sticky":false,"template":"","format":"standard","meta":{"footnotes":""},"categories":[6],"tags":[],"class_list":["post-3420","post","type-post","status-publish","format-standard","has-post-thumbnail","hentry","category-opiniones"],"_links":{"self":[{"href":"https:\/\/reneramon.cl\/index.php\/wp-json\/wp\/v2\/posts\/3420","targetHints":{"allow":["GET"]}}],"collection":[{"href":"https:\/\/reneramon.cl\/index.php\/wp-json\/wp\/v2\/posts"}],"about":[{"href":"https:\/\/reneramon.cl\/index.php\/wp-json\/wp\/v2\/types\/post"}],"author":[{"embeddable":true,"href":"https:\/\/reneramon.cl\/index.php\/wp-json\/wp\/v2\/users\/1"}],"replies":[{"embeddable":true,"href":"https:\/\/reneramon.cl\/index.php\/wp-json\/wp\/v2\/comments?post=3420"}],"version-history":[{"count":3,"href":"https:\/\/reneramon.cl\/index.php\/wp-json\/wp\/v2\/posts\/3420\/revisions"}],"predecessor-version":[{"id":3424,"href":"https:\/\/reneramon.cl\/index.php\/wp-json\/wp\/v2\/posts\/3420\/revisions\/3424"}],"wp:featuredmedia":[{"embeddable":true,"href":"https:\/\/reneramon.cl\/index.php\/wp-json\/wp\/v2\/media\/2619"}],"wp:attachment":[{"href":"https:\/\/reneramon.cl\/index.php\/wp-json\/wp\/v2\/media?parent=3420"}],"wp:term":[{"taxonomy":"category","embeddable":true,"href":"https:\/\/reneramon.cl\/index.php\/wp-json\/wp\/v2\/categories?post=3420"},{"taxonomy":"post_tag","embeddable":true,"href":"https:\/\/reneramon.cl\/index.php\/wp-json\/wp\/v2\/tags?post=3420"}],"curies":[{"name":"wp","href":"https:\/\/api.w.org\/{rel}","templated":true}]}}