{"id":3434,"date":"2021-10-08T18:01:17","date_gmt":"2021-10-08T18:01:17","guid":{"rendered":"http:\/\/reneramon.cl\/?p=3434"},"modified":"2024-02-02T19:56:57","modified_gmt":"2024-02-02T22:56:57","slug":"el-amor-propio-peruano-cuando-pillaron-a-alan-garcia","status":"publish","type":"post","link":"https:\/\/reneramon.cl\/index.php\/2021\/10\/08\/el-amor-propio-peruano-cuando-pillaron-a-alan-garcia\/","title":{"rendered":"El amor propio peruano cu\u00e1ndo pillaron a Alan Garc\u00eda"},"content":{"rendered":"\n<p>Dentro de la historia vemos el conflicto chileno peruano Cu\u00e1ndo fue la toma del morro de arica C\u00f3mo termin\u00f3 el general a cargo no s\u00e9 si era general pero sali\u00f3 como un h\u00e9roe al igual que lo hizo Prat en su momento &#8230;.<\/p>\n\n\n\n<p>En Jap\u00f3n el harakiri quiere decir la salida noble del Samurai con esto queda demostrado qu\u00e9 el esp\u00edritu combativo peruano sigue intacto dentro de su alta jerarqu\u00eda un saludo donde est\u00e9s Alan Garc\u00eda.<\/p>\n\n\n\n<p>El del morro es ALfonso Ugarte por favor confirmar<\/p>\n\n\n\n<p>Yo creo qu\u00e9 Alan Garc\u00eda lo pens\u00f3 muy bien porque tras de \u00e9l tiene una familia y no quer\u00eda que fuese molestada por causa de \u00e9l y Eso habla muy bien de un padre qu\u00e9 est\u00e1 metido en aprietos grandes aprietos<\/p>\n\n\n\n<p>Mis respetos para tantos l\u00edderes y guerreros qu\u00e9 decidieron salir por la puerta grande<\/p>\n\n\n\n<figure class=\"wp-block-embed-youtube wp-block-embed is-type-video is-provider-youtube wp-embed-aspect-4-3 wp-has-aspect-ratio\"><div class=\"wp-block-embed__wrapper\">\nhttps:\/\/youtu.be\/hhteFxAvJJU\n<\/div><\/figure>\n\n\n\n<figure class=\"wp-block-image\"><img decoding=\"async\" src=\"https:\/\/larepublica.pe\/resizer\/Qv5loYSE2pTMAQh7XkoZi_cFgWE=\/480x282\/top\/smart\/arc-anglerfish-arc2-prod-gruporepublica.s3.amazonaws.com\/public\/QOLRD7VYQZAXFBKJPOSZLRCIYQ.png\" alt=\"[\u200bIMG]\"\/><\/figure>\n\n\n\n<p>PIENSENLO<br>QUIZAS CUANTOS ENEMIGOS DEJO ALAN GARCIA<br>Y CON ESO DIGNIFICO A SU FAMILIA<\/p>\n\n\n\n<p>EN CAMBIO \u00abOTROS\u00bb LADOS NO PIENSAN NI EN LA FAMILIA NI EN EL PAIS<\/p>\n\n\n\n<p><\/p>\n\n\n\n<figure class=\"wp-block-embed-youtube wp-block-embed is-type-video is-provider-youtube wp-embed-aspect-16-9 wp-has-aspect-ratio\"><div class=\"wp-block-embed__wrapper\">\n<iframe loading=\"lazy\" title=\"LOS PRINCIPIOS DEL CODIGO ETICO SAMURAI - BUSHIDO\" width=\"500\" height=\"281\" src=\"https:\/\/www.youtube.com\/embed\/0D4n7crzpsw?feature=oembed\" frameborder=\"0\" allow=\"accelerometer; autoplay; clipboard-write; encrypted-media; gyroscope; picture-in-picture; web-share\" referrerpolicy=\"strict-origin-when-cross-origin\" allowfullscreen><\/iframe>\n<\/div><\/figure>\n","protected":false},"excerpt":{"rendered":"<div class=\"mh-excerpt\"><p>Dentro de la historia vemos el conflicto chileno peruano Cu\u00e1ndo fue la toma del morro de arica C\u00f3mo termin\u00f3 el general a cargo no s\u00e9 <a class=\"mh-excerpt-more\" href=\"https:\/\/reneramon.cl\/index.php\/2021\/10\/08\/el-amor-propio-peruano-cuando-pillaron-a-alan-garcia\/\" title=\"El amor propio peruano cu\u00e1ndo pillaron a Alan Garc\u00eda\">[&#8230;]<\/a><\/p>\n<\/div>","protected":false},"author":1,"featured_media":1120,"comment_status":"closed","ping_status":"open","sticky":false,"template":"","format":"standard","meta":{"footnotes":""},"categories":[6],"tags":[],"class_list":["post-3434","post","type-post","status-publish","format-standard","has-post-thumbnail","hentry","category-opiniones"],"_links":{"self":[{"href":"https:\/\/reneramon.cl\/index.php\/wp-json\/wp\/v2\/posts\/3434","targetHints":{"allow":["GET"]}}],"collection":[{"href":"https:\/\/reneramon.cl\/index.php\/wp-json\/wp\/v2\/posts"}],"about":[{"href":"https:\/\/reneramon.cl\/index.php\/wp-json\/wp\/v2\/types\/post"}],"author":[{"embeddable":true,"href":"https:\/\/reneramon.cl\/index.php\/wp-json\/wp\/v2\/users\/1"}],"replies":[{"embeddable":true,"href":"https:\/\/reneramon.cl\/index.php\/wp-json\/wp\/v2\/comments?post=3434"}],"version-history":[{"count":2,"href":"https:\/\/reneramon.cl\/index.php\/wp-json\/wp\/v2\/posts\/3434\/revisions"}],"predecessor-version":[{"id":3438,"href":"https:\/\/reneramon.cl\/index.php\/wp-json\/wp\/v2\/posts\/3434\/revisions\/3438"}],"wp:featuredmedia":[{"embeddable":true,"href":"https:\/\/reneramon.cl\/index.php\/wp-json\/wp\/v2\/media\/1120"}],"wp:attachment":[{"href":"https:\/\/reneramon.cl\/index.php\/wp-json\/wp\/v2\/media?parent=3434"}],"wp:term":[{"taxonomy":"category","embeddable":true,"href":"https:\/\/reneramon.cl\/index.php\/wp-json\/wp\/v2\/categories?post=3434"},{"taxonomy":"post_tag","embeddable":true,"href":"https:\/\/reneramon.cl\/index.php\/wp-json\/wp\/v2\/tags?post=3434"}],"curies":[{"name":"wp","href":"https:\/\/api.w.org\/{rel}","templated":true}]}}