{"id":3474,"date":"2021-10-19T01:35:38","date_gmt":"2021-10-19T01:35:38","guid":{"rendered":"http:\/\/reneramon.cl\/?p=3474"},"modified":"2024-02-02T19:55:55","modified_gmt":"2024-02-02T22:55:55","slug":"chile-viviendo-en-un-pais-lleno-de-polvora","status":"publish","type":"post","link":"https:\/\/reneramon.cl\/index.php\/2021\/10\/19\/chile-viviendo-en-un-pais-lleno-de-polvora\/","title":{"rendered":"Chile viviendo en un pa\u00eds lleno de p\u00f3lvora"},"content":{"rendered":"\n<p>Chile&nbsp;viviendo&nbsp;en&nbsp;un&nbsp;pa\u00eds&nbsp;lleno&nbsp;de&nbsp;p\u00f3lvora<\/p>\n\n\n\n<p>Estuve&nbsp;analizando&nbsp;C\u00f3mo&nbsp;va&nbsp;a&nbsp;ser&nbsp;Chile&nbsp;en&nbsp;los&nbsp;pr\u00f3ximos&nbsp;cuatro&nbsp;o&nbsp;cinco&nbsp;a\u00f1os.<\/p>\n\n\n\n<p>Salga&nbsp;qui\u00e9n&nbsp;salga&nbsp;la&nbsp;soluci\u00f3n&nbsp;no&nbsp;es&nbsp;la&nbsp;democracia,&nbsp;el&nbsp;pueblo&nbsp;est\u00e1&nbsp;descontento&nbsp;porque&nbsp;no&nbsp;existe&nbsp;trabajo,&nbsp;Porque&nbsp;se&nbsp;est\u00e1n&nbsp;yendo&nbsp;los&nbsp;capitales&nbsp;del&nbsp;pa\u00eds&nbsp;y&nbsp;nos&nbsp;estamos&nbsp;llenando&nbsp;de&nbsp;inmigrantes.<\/p>\n\n\n\n<p>Salga&nbsp;qui\u00e9n&nbsp;salga&nbsp;no&nbsp;va&nbsp;a&nbsp;poder&nbsp;hacer&nbsp;nada&nbsp;porque&nbsp;el&nbsp;congreso&nbsp;no&nbsp;coopera.<\/p>\n\n\n\n<p>El&nbsp;mal&nbsp;mayor&nbsp;puede&nbsp;ser&nbsp;que&nbsp;salga&nbsp;kast,&nbsp;y&nbsp;no&nbsp;es&nbsp;por&nbsp;algo&nbsp;de&nbsp;capacidad&nbsp;sino&nbsp;m\u00e1s&nbsp;bien&nbsp;el&nbsp;pa\u00eds&nbsp;est\u00e1&nbsp;trizado&nbsp;vulnerable&nbsp;la&nbsp;atm\u00f3sfera&nbsp;est\u00e1&nbsp;cargada&nbsp;de&nbsp;violencia&nbsp;y&nbsp;resentimiento&nbsp;kast&nbsp;es&nbsp;abogado&nbsp;no&nbsp;es&nbsp;militar&nbsp;de&nbsp;profesi\u00f3n.<\/p>\n\n\n\n<p>S\u00ed&nbsp;cumplimos&nbsp;la&nbsp;ley&nbsp;como&nbsp;corresponde&nbsp;significa&nbsp;aumentar&nbsp;el&nbsp;resentimiento&nbsp;entre&nbsp;la&nbsp;poblaci\u00f3n.<\/p>\n\n\n\n<p>El&nbsp;exceso&nbsp;corrupci\u00f3n&nbsp;que&nbsp;se&nbsp;esta&nbsp;dando&nbsp;transversalmente&nbsp;entre&nbsp;la&nbsp;alta&nbsp;c\u00fapula&nbsp;de&nbsp;los&nbsp;que&nbsp;nos&nbsp;gobierna,&nbsp;sumado&nbsp;a&nbsp;la&nbsp;falta&nbsp;de&nbsp;oportunidades&nbsp;de&nbsp;que&nbsp;exista&nbsp;movimiento&nbsp;de&nbsp;clases&nbsp;sociales.<\/p>\n\n\n\n<p>Lo&nbsp;que&nbsp;digo&nbsp;es&nbsp;como&nbsp;qu\u00e9&nbsp;un&nbsp;perro&nbsp;mal&nbsp;herido&nbsp;lo&nbsp;trat\u00e9&nbsp;de&nbsp;domesticar&nbsp;golpe\u00e1ndolo&nbsp;el&nbsp;perro&nbsp;no&nbsp;va&nbsp;a&nbsp;ceder,&nbsp;o&nbsp;Sencillamente&nbsp;apagar&nbsp;el&nbsp;fuego&nbsp;con&nbsp;bencina.<\/p>\n\n\n\n<p>Lo&nbsp;que&nbsp;propone&nbsp;kast&nbsp;para&nbsp;la&nbsp;frontera&nbsp;no&nbsp;es&nbsp;quiz\u00e1&nbsp;una&nbsp;mala&nbsp;idea&nbsp;pero&nbsp;no&nbsp;es&nbsp;la&nbsp;persona&nbsp;adecuada&nbsp;eso&nbsp;es&nbsp;m\u00e1s&nbsp;de&nbsp;un&nbsp;general&nbsp;o&nbsp;comandante.<\/p>\n\n\n\n<p>La&nbsp;pol\u00edtica&nbsp;se&nbsp;gast\u00f3&nbsp;se&nbsp;corrompi\u00f3&nbsp;no&nbsp;s\u00e9&nbsp;renov\u00f3&nbsp;se&nbsp;vicio.<\/p>\n\n\n\n<p>Ahora&nbsp;en&nbsp;parte&nbsp;entiendo&nbsp;la&nbsp;postura&nbsp;de&nbsp;Pi\u00f1era&nbsp;qu\u00e9&nbsp;tiene&nbsp;tejado&nbsp;de&nbsp;vidrio&nbsp;y&nbsp;no&nbsp;puede&nbsp;actuar&nbsp;con&nbsp;dureza&nbsp;porqu\u00e9&nbsp;son&nbsp;culpables&nbsp;y&nbsp;la&nbsp;gente&nbsp;tiene&nbsp;la&nbsp;raz\u00f3n&nbsp;en&nbsp;muchas&nbsp;cosas,&nbsp;de&nbsp;actuar&nbsp;con&nbsp;violencia&nbsp;ser\u00eda&nbsp;alimentar&nbsp;m\u00e1s&nbsp;el&nbsp;odio.<\/p>\n\n\n\n<p>Lamentablemente&nbsp;lo&nbsp;que&nbsp;ocurre&nbsp;en&nbsp;Chile&nbsp;no&nbsp;est\u00e1&nbsp;en&nbsp;nuestras&nbsp;manos, generar grande&nbsp;soluciones&nbsp;porque&nbsp;es&nbsp;un&nbsp;problema&nbsp;globalizado&nbsp;por&nbsp;tener&nbsp;econom\u00eda&nbsp;con&nbsp;pa\u00edses&nbsp;esclavistas.<\/p>\n\n\n\n<p>La&nbsp;soluci\u00f3n&nbsp;tiene&nbsp;que&nbsp;venir&nbsp;de&nbsp;una academia&nbsp;de&nbsp;guerra&nbsp;trabaj\u00e9&nbsp;conjuntamente&nbsp;con&nbsp;los&nbsp;pa\u00edses&nbsp;occidentales&nbsp;Reino&nbsp;Unido&nbsp;Estados&nbsp;Unidos&nbsp;por&nbsp;ejemplo&nbsp;porque&nbsp;lo&nbsp;que&nbsp;se&nbsp;viene&nbsp;es&nbsp;una&nbsp;crisis&nbsp;social&nbsp;y&nbsp;econ\u00f3mica&nbsp;d\u00f3nde&nbsp;va&nbsp;aumentar&nbsp;la&nbsp;inflaci\u00f3n&nbsp;por&nbsp;la&nbsp;fuga&nbsp;de&nbsp;capitales&nbsp;por&nbsp;las&nbsp;remesas&nbsp;d\u00f3nde&nbsp;nos&nbsp;veremos&nbsp;enfrentados&nbsp;al&nbsp;cambio&nbsp;clim\u00e1tico&nbsp;qu\u00e9&nbsp;vas&nbsp;hacer&nbsp;estragos&nbsp;en&nbsp;la&nbsp;agricultura&nbsp;a\u00fan&nbsp;veremos&nbsp;m\u00e1s&nbsp;movimientos&nbsp;de&nbsp;inmigrantes.<\/p>\n\n\n\n<p>Entonces&nbsp;porque&nbsp;un&nbsp;boric&nbsp;puede&nbsp;ser&nbsp;un&nbsp;parche&nbsp;porque&nbsp;el&nbsp;representa&nbsp;a&nbsp;muchos&nbsp;j\u00f3venes&nbsp;sin&nbsp;expectativas&nbsp;de&nbsp;futuro&nbsp;y&nbsp;con&nbsp;mucha&nbsp;violencia&nbsp;en&nbsp;el&nbsp;cuerpo&nbsp;C\u00f3mo&nbsp;dije&nbsp;anteriormente&nbsp;en&nbsp;Chile&nbsp;nadie&nbsp;gobierna&nbsp;Por&nbsp;qu\u00e9&nbsp;el&nbsp;senado&nbsp;y&nbsp;los&nbsp;diputados&nbsp;se&nbsp;encargan&nbsp;de&nbsp;poner&nbsp;trabas.<\/p>\n\n\n\n<p>Pero&nbsp;existe&nbsp;una&nbsp;gran&nbsp;diferencia&nbsp;En&nbsp;qu\u00e9&nbsp;un&nbsp;presidente&nbsp;te&nbsp;vamos&nbsp;a&nbsp;dar&nbsp;lumazos&nbsp;y&nbsp;aplicar&nbsp;la&nbsp;ley&nbsp;al&nbsp;que&nbsp;roba&nbsp;la&nbsp;gallina&nbsp;a&nbsp;otro&nbsp;que&nbsp;tenga&nbsp;una&nbsp;posici\u00f3n&nbsp;m\u00e1s&nbsp;conciliadora&nbsp;porque&nbsp;los&nbsp;que&nbsp;est\u00e1n&nbsp;robando&nbsp;en&nbsp;la&nbsp;c\u00fapula&nbsp;alta&nbsp;no&nbsp;pagan&nbsp;por&nbsp;sus&nbsp;acciones.<\/p>\n\n\n\n<p>En&nbsp;ese&nbsp;caso&nbsp;boric&nbsp;representa&nbsp;una&nbsp;agrupaci\u00f3n&nbsp;Qu\u00e9&nbsp;puede&nbsp;poner&nbsp;pa\u00f1os&nbsp;fr\u00edos&nbsp;por&nbsp;el&nbsp;momento&nbsp;pero&nbsp;no&nbsp;es&nbsp;la&nbsp;soluci\u00f3n&nbsp;final&nbsp;en&nbsp;materia&nbsp;econ\u00f3mica.<\/p>\n\n\n\n<p>Porque&nbsp;en&nbsp;la&nbsp;actualidad&nbsp;ning\u00fan&nbsp;candidato&nbsp;es&nbsp;capaz&nbsp;de&nbsp;decir&nbsp;qu\u00e9&nbsp;china&nbsp;est\u00e1&nbsp;destruyendo&nbsp;la&nbsp;econom\u00eda&nbsp;mundial&nbsp;Y&nbsp;desde&nbsp;ese&nbsp;punto&nbsp;de&nbsp;vista&nbsp;las&nbsp;fuerzas&nbsp;armadas&nbsp;actuando&nbsp;conjuntamente&nbsp;con&nbsp;los&nbsp;pa\u00edses&nbsp;anteriormente&nbsp;mencionados&nbsp;podr\u00edan&nbsp;hacer&nbsp;una&nbsp;reestructuraci\u00f3n&nbsp;en&nbsp;el&nbsp;aparato&nbsp;mundial,&nbsp;un&nbsp;nuevo&nbsp;orden&nbsp;mundial.<\/p>\n\n\n\n<p>Por&nbsp;eso&nbsp;no&nbsp;tengo&nbsp;la&nbsp;moral&nbsp;para&nbsp;votar&nbsp;por&nbsp;un&nbsp;candidato&nbsp;qu\u00e9&nbsp;es&nbsp;demasiado&nbsp;estricto&nbsp;para&nbsp;la&nbsp;realidad&nbsp;del&nbsp;pa\u00eds,ahora porque&nbsp;me&nbsp;gustaba&nbsp;pinochet&nbsp;porque&nbsp;pinochet&nbsp;represent\u00f3&nbsp;el&nbsp;derogar&nbsp;el&nbsp;congreso&nbsp;el&nbsp;gobern\u00f3&nbsp;al&nbsp;100%&nbsp;no&nbsp;se&nbsp;puede&nbsp;ser&nbsp;estricto&nbsp;si&nbsp;no&nbsp;tienes&nbsp;un&nbsp;congreso&nbsp;que&nbsp;te&nbsp;apoye&nbsp;Y&nbsp;d\u00f3nde&nbsp;existen&nbsp;intereses&nbsp;mezquinos&nbsp;por&nbsp;llenarse&nbsp;los&nbsp;bolsillos&nbsp;o&nbsp;proteger&nbsp;a&nbsp;tu&nbsp;conglomerado&nbsp;econ\u00f3mico.<\/p>\n\n\n\n<p>Otro&nbsp;punto&nbsp;a&nbsp;considerar&nbsp;no&nbsp;me&nbsp;gusta&nbsp;que&nbsp;se&nbsp;jueguen&nbsp;con&nbsp;las&nbsp;leyes&nbsp;ni&nbsp;con&nbsp;el&nbsp;patriotismo&nbsp; la&nbsp;prescripci\u00f3n&nbsp;por&nbsp;ejemplo&nbsp;es&nbsp;un&nbsp;juego&nbsp;qu\u00e9&nbsp;se&nbsp;usa&nbsp;mucho&nbsp;en&nbsp;Chile&nbsp;pero&nbsp;lo&nbsp;moralmente&nbsp;correcto&nbsp;y&nbsp;la&nbsp;\u00e9tica&nbsp;no&nbsp;se&nbsp;borra&nbsp;con&nbsp;los&nbsp;a\u00f1os&nbsp;sino&nbsp;cumpliendo&nbsp;la&nbsp;pena&nbsp;los abogados juegan mucho&nbsp;con&nbsp;eso&nbsp;Pero&nbsp;para&nbsp;ser&nbsp;pol\u00edtico&nbsp;y&nbsp;presidente&nbsp;se&nbsp;tiene&nbsp;que&nbsp;tener&nbsp;\u00e9tica&nbsp;y&nbsp;el&nbsp;valor&nbsp;de&nbsp;decir&nbsp;al&nbsp;pan&nbsp;pan&nbsp;vino&nbsp;vino.<\/p>\n\n\n\n<p>Lo&nbsp;mismo&nbsp;pasa&nbsp;con&nbsp;el&nbsp;patriotismo&nbsp;el&nbsp;patriotismo&nbsp;se&nbsp;vive&nbsp;predicando&nbsp;con&nbsp;el&nbsp;ejemplo&nbsp;s\u00ed&nbsp;quiero&nbsp;mi&nbsp;pa\u00eds&nbsp;invierto&nbsp;en&nbsp;mi&nbsp;pa\u00eds&nbsp;porque&nbsp;present\u00f3&nbsp;al&nbsp;conglomerado&nbsp;de&nbsp;la&nbsp;Innovaci\u00f3n&nbsp;Eso&nbsp;quiere&nbsp;decir&nbsp;qu\u00e9&nbsp;doy&nbsp;un&nbsp;discurso&nbsp;consecuente&nbsp;con&nbsp;lo&nbsp;que&nbsp;digo&nbsp;y&nbsp;hago.<\/p>\n\n\n\n<p>Personalmente&nbsp;conf\u00edo&nbsp;en&nbsp;las&nbsp;fuerzas&nbsp;armadas&nbsp;pero&nbsp;trabajando&nbsp;con&nbsp;los&nbsp;pa\u00edses&nbsp;mencionados&nbsp;una&nbsp;reestructuraci\u00f3n&nbsp;qu\u00e9&nbsp;deber\u00eda&nbsp;darse&nbsp;en&nbsp;cadena&nbsp;un&nbsp;nuevo&nbsp;plan&nbsp;C\u00f3ndor&nbsp;para&nbsp;no&nbsp;solo&nbsp;parar&nbsp;la&nbsp;inmigraci\u00f3n&nbsp;y&nbsp;mejorar&nbsp;la&nbsp;econom\u00eda&nbsp;tambi\u00e9n&nbsp;darle&nbsp;una&nbsp;ayuda&nbsp;a&nbsp;Europa&nbsp;por&nbsp;ejemplo.<\/p>\n\n\n\n<p>Quiero&nbsp;decir&nbsp;que&nbsp;este&nbsp;texto&nbsp;lo&nbsp;hice&nbsp;con&nbsp;un&nbsp;procesador&nbsp;de&nbsp;voz&nbsp;la&nbsp;puntuaci\u00f3n&nbsp;debe&nbsp;estar&nbsp;regular&nbsp;Que&nbsp;tengan&nbsp;un&nbsp;excelente&nbsp;noche.<\/p>\n\n\n\n<p><\/p>\n\n\n\n<p>Otro&nbsp;punto&nbsp;a&nbsp;reflexionar<\/p>\n\n\n\n<p>Llenar&nbsp;las&nbsp;c\u00e1rceles&nbsp;aplicando&nbsp;la&nbsp;ley&nbsp;dura&nbsp;qu\u00e9&nbsp;plantean&nbsp;algunos<\/p>\n\n\n\n<p>Qui\u00e9n&nbsp;paga?<\/p>\n\n\n\n<p>Y\u00a0qui\u00e9n\u00a0gana\u00a0con\u00a0este\u00a0negocio.<\/p>\n\n\n\n<p><\/p>\n\n\n\n<p>de salir kast se empezaran a aplicar pol\u00edticas chinas de represi\u00f3n??<\/p>\n\n\n\n<p>y all\u00ed saltamos a la guerra civil??<\/p>\n\n\n\n<p>porque los Chinos van a pedir que sus inversiones no se pierdan&#8230;OJO all\u00ed&#8230;<\/p>\n","protected":false},"excerpt":{"rendered":"<div class=\"mh-excerpt\"><p>Chile&nbsp;viviendo&nbsp;en&nbsp;un&nbsp;pa\u00eds&nbsp;lleno&nbsp;de&nbsp;p\u00f3lvora Estuve&nbsp;analizando&nbsp;C\u00f3mo&nbsp;va&nbsp;a&nbsp;ser&nbsp;Chile&nbsp;en&nbsp;los&nbsp;pr\u00f3ximos&nbsp;cuatro&nbsp;o&nbsp;cinco&nbsp;a\u00f1os. Salga&nbsp;qui\u00e9n&nbsp;salga&nbsp;la&nbsp;soluci\u00f3n&nbsp;no&nbsp;es&nbsp;la&nbsp;democracia,&nbsp;el&nbsp;pueblo&nbsp;est\u00e1&nbsp;descontento&nbsp;porque&nbsp;no&nbsp;existe&nbsp;trabajo,&nbsp;Porque&nbsp;se&nbsp;est\u00e1n&nbsp;yendo&nbsp;los&nbsp;capitales&nbsp;del&nbsp;pa\u00eds&nbsp;y&nbsp;nos&nbsp;estamos&nbsp;llenando&nbsp;de&nbsp;inmigrantes. Salga&nbsp;qui\u00e9n&nbsp;salga&nbsp;no&nbsp;va&nbsp;a&nbsp;poder&nbsp;hacer&nbsp;nada&nbsp;porque&nbsp;el&nbsp;congreso&nbsp;no&nbsp;coopera. El&nbsp;mal&nbsp;mayor&nbsp;puede&nbsp;ser&nbsp;que&nbsp;salga&nbsp;kast,&nbsp;y&nbsp;no&nbsp;es&nbsp;por&nbsp;algo&nbsp;de&nbsp;capacidad&nbsp;sino&nbsp;m\u00e1s&nbsp;bien&nbsp;el&nbsp;pa\u00eds&nbsp;est\u00e1&nbsp;trizado&nbsp;vulnerable&nbsp;la&nbsp;atm\u00f3sfera&nbsp;est\u00e1&nbsp;cargada&nbsp;de&nbsp;violencia&nbsp;y&nbsp;resentimiento&nbsp;kast&nbsp;es&nbsp;abogado&nbsp;no&nbsp;es&nbsp;militar&nbsp;de&nbsp;profesi\u00f3n. S\u00ed&nbsp;cumplimos&nbsp;la&nbsp;ley&nbsp;como&nbsp;corresponde&nbsp;significa&nbsp;aumentar&nbsp;el&nbsp;resentimiento&nbsp;entre&nbsp;la&nbsp;poblaci\u00f3n. El&nbsp;exceso&nbsp;corrupci\u00f3n&nbsp;que&nbsp;se&nbsp;esta&nbsp;dando&nbsp;transversalmente&nbsp;entre&nbsp;la&nbsp;alta&nbsp;c\u00fapula&nbsp;de&nbsp;los&nbsp;que&nbsp;nos&nbsp;gobierna,&nbsp;sumado&nbsp;a&nbsp;la&nbsp;falta&nbsp;de&nbsp;oportunidades&nbsp;de&nbsp;que&nbsp;exista&nbsp;movimiento&nbsp;de&nbsp;clases&nbsp;sociales. Lo&nbsp;que&nbsp;digo&nbsp;es&nbsp;como&nbsp;qu\u00e9&nbsp;un&nbsp;perro&nbsp;mal&nbsp;herido&nbsp;lo&nbsp;trat\u00e9&nbsp;de&nbsp;domesticar&nbsp;golpe\u00e1ndolo&nbsp;el&nbsp;perro&nbsp;no&nbsp;va&nbsp;a&nbsp;ceder,&nbsp;o&nbsp;Sencillamente&nbsp;apagar&nbsp;el&nbsp;fuego&nbsp;con&nbsp;bencina. Lo&nbsp;que&nbsp;propone&nbsp;kast&nbsp;para&nbsp;la&nbsp;frontera&nbsp;no&nbsp;es&nbsp;quiz\u00e1&nbsp;una&nbsp;mala&nbsp;idea&nbsp;pero&nbsp;no&nbsp;es&nbsp;la&nbsp;persona&nbsp;adecuada&nbsp;eso&nbsp;es&nbsp;m\u00e1s&nbsp;de&nbsp;un&nbsp;general&nbsp;o&nbsp;comandante. La&nbsp;pol\u00edtica&nbsp;se&nbsp;gast\u00f3&nbsp;se&nbsp;corrompi\u00f3&nbsp;no&nbsp;s\u00e9&nbsp;renov\u00f3&nbsp;se&nbsp;vicio. Ahora&nbsp;en&nbsp;parte&nbsp;entiendo&nbsp;la&nbsp;postura&nbsp;de&nbsp;Pi\u00f1era&nbsp;qu\u00e9&nbsp;tiene&nbsp;tejado&nbsp;de&nbsp;vidrio&nbsp;y&nbsp;no&nbsp;puede&nbsp;actuar&nbsp;con&nbsp;dureza&nbsp;porqu\u00e9&nbsp;son&nbsp;culpables&nbsp;y&nbsp;la&nbsp;gente&nbsp;tiene&nbsp;la&nbsp;raz\u00f3n&nbsp;en&nbsp;muchas&nbsp;cosas,&nbsp;de&nbsp;actuar&nbsp;con&nbsp;violencia&nbsp;ser\u00eda&nbsp;alimentar&nbsp;m\u00e1s&nbsp;el&nbsp;odio. Lamentablemente&nbsp;lo&nbsp;que&nbsp;ocurre&nbsp;en&nbsp;Chile&nbsp;no&nbsp;est\u00e1&nbsp;en&nbsp;nuestras&nbsp;manos, generar grande&nbsp;soluciones&nbsp;porque&nbsp;es&nbsp;un&nbsp;problema&nbsp;globalizado&nbsp;por&nbsp;tener&nbsp;econom\u00eda&nbsp;con&nbsp;pa\u00edses&nbsp;esclavistas. La&nbsp;soluci\u00f3n&nbsp;tiene&nbsp;que&nbsp;venir&nbsp;de&nbsp;una academia&nbsp;de&nbsp;guerra&nbsp;trabaj\u00e9&nbsp;conjuntamente&nbsp;con&nbsp;los&nbsp;pa\u00edses&nbsp;occidentales&nbsp;Reino&nbsp;Unido&nbsp;Estados&nbsp;Unidos&nbsp;por&nbsp;ejemplo&nbsp;porque&nbsp;lo&nbsp;que&nbsp;se&nbsp;viene&nbsp;es&nbsp;una&nbsp;crisis&nbsp;social&nbsp;y&nbsp;econ\u00f3mica&nbsp;d\u00f3nde&nbsp;va&nbsp;aumentar&nbsp;la&nbsp;inflaci\u00f3n&nbsp;por&nbsp;la&nbsp;fuga&nbsp;de&nbsp;capitales&nbsp;por&nbsp;las&nbsp;remesas&nbsp;d\u00f3nde&nbsp;nos&nbsp;veremos&nbsp;enfrentados&nbsp;al&nbsp;cambio&nbsp;clim\u00e1tico&nbsp;qu\u00e9&nbsp;vas&nbsp;hacer&nbsp;estragos&nbsp;en&nbsp;la&nbsp;agricultura&nbsp;a\u00fan&nbsp;veremos&nbsp;m\u00e1s&nbsp;movimientos&nbsp;de&nbsp;inmigrantes. Entonces&nbsp;porque&nbsp;un&nbsp;boric&nbsp;puede&nbsp;ser&nbsp;un&nbsp;parche&nbsp;porque&nbsp;el&nbsp;representa&nbsp;a&nbsp;muchos&nbsp;j\u00f3venes&nbsp;sin&nbsp;expectativas&nbsp;de&nbsp;futuro&nbsp;y&nbsp;con&nbsp;mucha&nbsp;violencia&nbsp;en&nbsp;el&nbsp;cuerpo&nbsp;C\u00f3mo&nbsp;dije&nbsp;anteriormente&nbsp;en&nbsp;Chile&nbsp;nadie&nbsp;gobierna&nbsp;Por&nbsp;qu\u00e9&nbsp;el&nbsp;senado&nbsp;y&nbsp;los&nbsp;diputados&nbsp;se&nbsp;encargan&nbsp;de&nbsp;poner&nbsp;trabas. Pero&nbsp;existe&nbsp;una&nbsp;gran&nbsp;diferencia&nbsp;En&nbsp;qu\u00e9&nbsp;un&nbsp;presidente&nbsp;te&nbsp;vamos&nbsp;a&nbsp;dar&nbsp;lumazos&nbsp;y&nbsp;aplicar&nbsp;la&nbsp;ley&nbsp;al&nbsp;que&nbsp;roba&nbsp;la&nbsp;gallina&nbsp;a&nbsp;otro&nbsp;que&nbsp;tenga&nbsp;una&nbsp;posici\u00f3n&nbsp;m\u00e1s&nbsp;conciliadora&nbsp;porque&nbsp;los&nbsp;que&nbsp;est\u00e1n&nbsp;robando&nbsp;en&nbsp;la&nbsp;c\u00fapula&nbsp;alta&nbsp;no&nbsp;pagan&nbsp;por&nbsp;sus&nbsp;acciones. En&nbsp;ese&nbsp;caso&nbsp;boric&nbsp;representa&nbsp;una&nbsp;agrupaci\u00f3n&nbsp;Qu\u00e9&nbsp;puede&nbsp;poner&nbsp;pa\u00f1os&nbsp;fr\u00edos&nbsp;por&nbsp;el&nbsp;momento&nbsp;pero&nbsp;no&nbsp;es&nbsp;la&nbsp;soluci\u00f3n&nbsp;final&nbsp;en&nbsp;materia&nbsp;econ\u00f3mica. Porque&nbsp;en&nbsp;la&nbsp;actualidad&nbsp;ning\u00fan&nbsp;candidato&nbsp;es&nbsp;capaz&nbsp;de&nbsp;decir&nbsp;qu\u00e9&nbsp;china&nbsp;est\u00e1&nbsp;destruyendo&nbsp;la&nbsp;econom\u00eda&nbsp;mundial&nbsp;Y&nbsp;desde&nbsp;ese&nbsp;punto&nbsp;de&nbsp;vista&nbsp;las&nbsp;fuerzas&nbsp;armadas&nbsp;actuando&nbsp;conjuntamente&nbsp;con&nbsp;los&nbsp;pa\u00edses&nbsp;anteriormente&nbsp;mencionados&nbsp;podr\u00edan&nbsp;hacer&nbsp;una&nbsp;reestructuraci\u00f3n&nbsp;en&nbsp;el&nbsp;aparato&nbsp;mundial,&nbsp;un&nbsp;nuevo&nbsp;orden&nbsp;mundial. Por&nbsp;eso&nbsp;no&nbsp;tengo&nbsp;la&nbsp;moral&nbsp;para&nbsp;votar&nbsp;por&nbsp;un&nbsp;candidato&nbsp;qu\u00e9&nbsp;es&nbsp;demasiado&nbsp;estricto&nbsp;para&nbsp;la&nbsp;realidad&nbsp;del&nbsp;pa\u00eds,ahora porque&nbsp;me&nbsp;gustaba&nbsp;pinochet&nbsp;porque&nbsp;pinochet&nbsp;represent\u00f3&nbsp;el&nbsp;derogar&nbsp;el&nbsp;congreso&nbsp;el&nbsp;gobern\u00f3&nbsp;al&nbsp;100%&nbsp;no&nbsp;se&nbsp;puede&nbsp;ser&nbsp;estricto&nbsp;si&nbsp;no&nbsp;tienes&nbsp;un&nbsp;congreso&nbsp;que&nbsp;te&nbsp;apoye&nbsp;Y&nbsp;d\u00f3nde&nbsp;existen&nbsp;intereses&nbsp;mezquinos&nbsp;por&nbsp;llenarse&nbsp;los&nbsp;bolsillos&nbsp;o&nbsp;proteger&nbsp;a&nbsp;tu&nbsp;conglomerado&nbsp;econ\u00f3mico. Otro&nbsp;punto&nbsp;a&nbsp;considerar&nbsp;no&nbsp;me&nbsp;gusta&nbsp;que&nbsp;se&nbsp;jueguen&nbsp;con&nbsp;las&nbsp;leyes&nbsp;ni&nbsp;con&nbsp;el&nbsp;patriotismo&nbsp; la&nbsp;prescripci\u00f3n&nbsp;por&nbsp;ejemplo&nbsp;es&nbsp;un&nbsp;juego&nbsp;qu\u00e9&nbsp;se&nbsp;usa&nbsp;mucho&nbsp;en&nbsp;Chile&nbsp;pero&nbsp;lo&nbsp;moralmente&nbsp;correcto&nbsp;y&nbsp;la&nbsp;\u00e9tica&nbsp;no&nbsp;se&nbsp;borra&nbsp;con&nbsp;los&nbsp;a\u00f1os&nbsp;sino&nbsp;cumpliendo&nbsp;la&nbsp;pena&nbsp;los abogados <a class=\"mh-excerpt-more\" href=\"https:\/\/reneramon.cl\/index.php\/2021\/10\/19\/chile-viviendo-en-un-pais-lleno-de-polvora\/\" title=\"Chile viviendo en un pa\u00eds lleno de p\u00f3lvora\">[&#8230;]<\/a><\/p>\n<\/div>","protected":false},"author":1,"featured_media":170,"comment_status":"closed","ping_status":"open","sticky":false,"template":"","format":"standard","meta":{"footnotes":""},"categories":[6],"tags":[],"class_list":["post-3474","post","type-post","status-publish","format-standard","has-post-thumbnail","hentry","category-opiniones"],"_links":{"self":[{"href":"https:\/\/reneramon.cl\/index.php\/wp-json\/wp\/v2\/posts\/3474","targetHints":{"allow":["GET"]}}],"collection":[{"href":"https:\/\/reneramon.cl\/index.php\/wp-json\/wp\/v2\/posts"}],"about":[{"href":"https:\/\/reneramon.cl\/index.php\/wp-json\/wp\/v2\/types\/post"}],"author":[{"embeddable":true,"href":"https:\/\/reneramon.cl\/index.php\/wp-json\/wp\/v2\/users\/1"}],"replies":[{"embeddable":true,"href":"https:\/\/reneramon.cl\/index.php\/wp-json\/wp\/v2\/comments?post=3474"}],"version-history":[{"count":3,"href":"https:\/\/reneramon.cl\/index.php\/wp-json\/wp\/v2\/posts\/3474\/revisions"}],"predecessor-version":[{"id":3489,"href":"https:\/\/reneramon.cl\/index.php\/wp-json\/wp\/v2\/posts\/3474\/revisions\/3489"}],"wp:featuredmedia":[{"embeddable":true,"href":"https:\/\/reneramon.cl\/index.php\/wp-json\/wp\/v2\/media\/170"}],"wp:attachment":[{"href":"https:\/\/reneramon.cl\/index.php\/wp-json\/wp\/v2\/media?parent=3474"}],"wp:term":[{"taxonomy":"category","embeddable":true,"href":"https:\/\/reneramon.cl\/index.php\/wp-json\/wp\/v2\/categories?post=3474"},{"taxonomy":"post_tag","embeddable":true,"href":"https:\/\/reneramon.cl\/index.php\/wp-json\/wp\/v2\/tags?post=3474"}],"curies":[{"name":"wp","href":"https:\/\/api.w.org\/{rel}","templated":true}]}}