{"id":3483,"date":"2021-10-21T22:45:28","date_gmt":"2021-10-21T22:45:28","guid":{"rendered":"http:\/\/reneramon.cl\/?p=3483"},"modified":"2024-02-02T19:55:54","modified_gmt":"2024-02-02T22:55:54","slug":"robaron-las-molduras-del-auto-de-mi-familia-mientras-sali-a-trotar","status":"publish","type":"post","link":"https:\/\/reneramon.cl\/index.php\/2021\/10\/21\/robaron-las-molduras-del-auto-de-mi-familia-mientras-sali-a-trotar\/","title":{"rendered":"Robaron las molduras del auto de mi familia mientras sal\u00ed a trotar"},"content":{"rendered":"\n<p>Robaron las molduras del auto de mi familia mientras sal\u00ed a trotar.<\/p>\n\n\n\n<p>Recuerdan estimados antronianos o amigos que la otra vez le coment\u00e9 qu\u00e9 mi barrio cambio Parece que ya lleg\u00f3 la droga y con ello los tuning el flayterio est\u00e1 llegando a las casas del sector.<\/p>\n\n\n\n<p>En la noche se escuchan carreras y hasta balazos.<\/p>\n\n\n\n<p>Desde que me puesto a criticar a un candidato por falso nacionalistas he visto cosas sospechosas y hoy se materializ\u00f3 con la p\u00e9rdida de las molduras de mi auto.<\/p>\n\n\n\n<p>Esto me hace recordar qu\u00e9 a un antiguo compa\u00f1eros de internet Corvo acerado que le dicen ac\u00e1, tambi\u00e9n le rompieron el auto en su oportunidad.<\/p>\n\n\n\n<p>C\u00f3mo vecino en 3 ocasiones eh evitado robos en mi sector, 2 de las cuales con denuncia a carabineros y otra enfrentando al ladr\u00f3n personalmente.<\/p>\n\n\n\n<p>Lo que le hicieron a mi auto requiri\u00f3 tiempo Es raro que nadie se diera cuenta.<\/p>\n\n\n\n<p>Como de costumbre lo dej\u00f3 ante la equidad natural y ante el designio de los dioses.<\/p>\n\n\n\n<figure class=\"wp-block-image is-resized\"><img loading=\"lazy\" decoding=\"async\" src=\"https:\/\/encrypted-tbn0.gstatic.com\/images?q=tbn:ANd9GcRTMyRUxYQgofYw72uKMoK04Qr4fahiBy3jYw&amp;usqp=CAU\" alt=\"\" width=\"589\" height=\"396\"\/><\/figure>\n\n\n\n<figure class=\"wp-block-image\"><img decoding=\"async\" src=\"https:\/\/upload.wikimedia.org\/wikipedia\/commons\/c\/c5\/Balanza_justicia.jpg\" alt=\"\"\/><\/figure>\n\n\n\n<p>esto por ambos lados<\/p>\n\n\n\n<figure class=\"wp-block-image\"><img decoding=\"async\" src=\"https:\/\/i.ibb.co\/xFnftxt\/Whats-App-Image-2021-10-21-at-11-24-30.jpg\" alt=\"\"\/><\/figure>\n","protected":false},"excerpt":{"rendered":"<div class=\"mh-excerpt\"><p>Robaron las molduras del auto de mi familia mientras sal\u00ed a trotar. Recuerdan estimados antronianos o amigos que la otra vez le coment\u00e9 qu\u00e9 mi <a class=\"mh-excerpt-more\" href=\"https:\/\/reneramon.cl\/index.php\/2021\/10\/21\/robaron-las-molduras-del-auto-de-mi-familia-mientras-sali-a-trotar\/\" title=\"Robaron las molduras del auto de mi familia mientras sal\u00ed a trotar\">[&#8230;]<\/a><\/p>\n<\/div>","protected":false},"author":1,"featured_media":3484,"comment_status":"closed","ping_status":"open","sticky":false,"template":"","format":"standard","meta":{"footnotes":""},"categories":[6],"tags":[],"class_list":["post-3483","post","type-post","status-publish","format-standard","has-post-thumbnail","hentry","category-opiniones"],"_links":{"self":[{"href":"https:\/\/reneramon.cl\/index.php\/wp-json\/wp\/v2\/posts\/3483","targetHints":{"allow":["GET"]}}],"collection":[{"href":"https:\/\/reneramon.cl\/index.php\/wp-json\/wp\/v2\/posts"}],"about":[{"href":"https:\/\/reneramon.cl\/index.php\/wp-json\/wp\/v2\/types\/post"}],"author":[{"embeddable":true,"href":"https:\/\/reneramon.cl\/index.php\/wp-json\/wp\/v2\/users\/1"}],"replies":[{"embeddable":true,"href":"https:\/\/reneramon.cl\/index.php\/wp-json\/wp\/v2\/comments?post=3483"}],"version-history":[{"count":1,"href":"https:\/\/reneramon.cl\/index.php\/wp-json\/wp\/v2\/posts\/3483\/revisions"}],"predecessor-version":[{"id":3485,"href":"https:\/\/reneramon.cl\/index.php\/wp-json\/wp\/v2\/posts\/3483\/revisions\/3485"}],"wp:featuredmedia":[{"embeddable":true,"href":"https:\/\/reneramon.cl\/index.php\/wp-json\/wp\/v2\/media\/3484"}],"wp:attachment":[{"href":"https:\/\/reneramon.cl\/index.php\/wp-json\/wp\/v2\/media?parent=3483"}],"wp:term":[{"taxonomy":"category","embeddable":true,"href":"https:\/\/reneramon.cl\/index.php\/wp-json\/wp\/v2\/categories?post=3483"},{"taxonomy":"post_tag","embeddable":true,"href":"https:\/\/reneramon.cl\/index.php\/wp-json\/wp\/v2\/tags?post=3483"}],"curies":[{"name":"wp","href":"https:\/\/api.w.org\/{rel}","templated":true}]}}