{"id":3509,"date":"2021-10-29T01:39:16","date_gmt":"2021-10-29T01:39:16","guid":{"rendered":"http:\/\/reneramon.cl\/?p=3509"},"modified":"2024-02-02T19:55:54","modified_gmt":"2024-02-02T22:55:54","slug":"noticieros-de-canales-tradicionales-chilenos-siguen-una-agenda-compartida","status":"publish","type":"post","link":"https:\/\/reneramon.cl\/index.php\/2021\/10\/29\/noticieros-de-canales-tradicionales-chilenos-siguen-una-agenda-compartida\/","title":{"rendered":"Noticieros de canales tradicionales chilenos siguen una agenda compartida???"},"content":{"rendered":"\n<p>Amigos&nbsp;todos&nbsp;tengo&nbsp;se\u00f1al&nbsp;abierta&nbsp;en&nbsp;mi&nbsp;hogar&nbsp;y&nbsp;como&nbsp;miles&nbsp;de&nbsp;familias&nbsp;chilenas&nbsp;veo TV&nbsp;p\u00fablica,&nbsp;y&nbsp;me&nbsp;llama&nbsp;la&nbsp;atenci\u00f3n&nbsp;qu\u00e9&nbsp;cu\u00e1ndo&nbsp;existen&nbsp;comerciales&nbsp;todos&nbsp;los&nbsp;canales&nbsp;lo&nbsp;hacen&nbsp;al&nbsp;mismo&nbsp;tiempo.<\/p>\n\n\n\n<p>Dem\u00e1s&nbsp;est\u00e1&nbsp;decir&nbsp;que&nbsp;el&nbsp;poder&nbsp;econ\u00f3mico&nbsp;empresarial&nbsp;ya&nbsp;est\u00e1&nbsp;en&nbsp;la&nbsp;televisi\u00f3n&nbsp;p\u00fablica,&nbsp;lo&nbsp;que&nbsp;puede&nbsp;quitar&nbsp;objetividad&nbsp;a&nbsp;la&nbsp;noticia.<\/p>\n\n\n\n<p>El&nbsp;canal&nbsp;Estatal&nbsp;tvn&nbsp;generalmente&nbsp;representa&nbsp;la&nbsp;opini\u00f3n&nbsp;del&nbsp;poder&nbsp;pol\u00edtico&nbsp;del&nbsp;momento.<\/p>\n\n\n\n<p>Y&nbsp;si&nbsp;este&nbsp;canal&nbsp;sumado&nbsp;a&nbsp;los&nbsp;privados&nbsp;tienen&nbsp;intereses&nbsp;creados&nbsp;dif\u00edcilmente&nbsp;podremos tener una&nbsp;visi\u00f3n&nbsp;objetiva&nbsp;de&nbsp;la&nbsp;noticia.<\/p>\n\n\n\n<p>Por&nbsp;ello&nbsp;me&nbsp;hago&nbsp;est\u00e1&nbsp;simple&nbsp;reflexi\u00f3n,&nbsp;porque&nbsp;los&nbsp;canales&nbsp;van&nbsp;a&nbsp;comerciales&nbsp;al&nbsp;mismo&nbsp;tiempo&nbsp;Y&nbsp;se&nbsp;repite&nbsp;muchas&nbsp;veces&nbsp;la&nbsp;noticia&nbsp;al&nbsp;mismo&nbsp;momento&nbsp;en&nbsp;distinto&nbsp;canal.<\/p>\n\n\n\n<p>Eso&nbsp;es&nbsp;una&nbsp;p\u00e9sima&nbsp;imagen&nbsp;a&nbsp;la&nbsp;libertad&nbsp;de&nbsp;prensa,&nbsp;al&nbsp;mundo&nbsp;C\u00f3mo&nbsp;pa\u00eds&nbsp;de&nbsp;lo&nbsp;que&nbsp;estamos&nbsp;produciendo&nbsp;a&nbsp;nivel&nbsp;de&nbsp;televisi\u00f3n.<\/p>\n\n\n\n<p>Lo&nbsp;dejo&nbsp;en&nbsp;su&nbsp;criterio&nbsp;para&nbsp;sacar&nbsp;una&nbsp;conclusi\u00f3n&nbsp;sobre&nbsp;Por&nbsp;qu\u00e9&nbsp;se&nbsp;repite&nbsp;todo&nbsp;C\u00f3mo&nbsp;si&nbsp;todo&nbsp;fuese&nbsp;manejado&nbsp;desde&nbsp;las&nbsp;sombras&nbsp;por&nbsp;un&nbsp;mismo&nbsp;grupo&nbsp;econ\u00f3mico.<\/p>\n\n\n\n<p>Y&nbsp;si&nbsp;a&nbsp;esto&nbsp;le&nbsp;sumamos&nbsp;qu\u00e9&nbsp;las&nbsp;encuestas&nbsp;suelen&nbsp;ser&nbsp;manipuladas&nbsp;en&nbsp;cuanto&nbsp;al&nbsp;Universo&nbsp;de&nbsp;estudio&nbsp;para&nbsp;generar&nbsp;tendencia&nbsp;ya&nbsp;no&nbsp;existe&nbsp;democracia&nbsp;existe&nbsp;manipulaci\u00f3n&nbsp;de&nbsp;medio&nbsp;de&nbsp;comunicaci\u00f3n y estad\u00edsticas.<\/p>\n","protected":false},"excerpt":{"rendered":"<div class=\"mh-excerpt\"><p>Amigos&nbsp;todos&nbsp;tengo&nbsp;se\u00f1al&nbsp;abierta&nbsp;en&nbsp;mi&nbsp;hogar&nbsp;y&nbsp;como&nbsp;miles&nbsp;de&nbsp;familias&nbsp;chilenas&nbsp;veo TV&nbsp;p\u00fablica,&nbsp;y&nbsp;me&nbsp;llama&nbsp;la&nbsp;atenci\u00f3n&nbsp;qu\u00e9&nbsp;cu\u00e1ndo&nbsp;existen&nbsp;comerciales&nbsp;todos&nbsp;los&nbsp;canales&nbsp;lo&nbsp;hacen&nbsp;al&nbsp;mismo&nbsp;tiempo. Dem\u00e1s&nbsp;est\u00e1&nbsp;decir&nbsp;que&nbsp;el&nbsp;poder&nbsp;econ\u00f3mico&nbsp;empresarial&nbsp;ya&nbsp;est\u00e1&nbsp;en&nbsp;la&nbsp;televisi\u00f3n&nbsp;p\u00fablica,&nbsp;lo&nbsp;que&nbsp;puede&nbsp;quitar&nbsp;objetividad&nbsp;a&nbsp;la&nbsp;noticia. El&nbsp;canal&nbsp;Estatal&nbsp;tvn&nbsp;generalmente&nbsp;representa&nbsp;la&nbsp;opini\u00f3n&nbsp;del&nbsp;poder&nbsp;pol\u00edtico&nbsp;del&nbsp;momento. Y&nbsp;si&nbsp;este&nbsp;canal&nbsp;sumado&nbsp;a&nbsp;los&nbsp;privados&nbsp;tienen&nbsp;intereses&nbsp;creados&nbsp;dif\u00edcilmente&nbsp;podremos tener una&nbsp;visi\u00f3n&nbsp;objetiva&nbsp;de&nbsp;la&nbsp;noticia. Por&nbsp;ello&nbsp;me&nbsp;hago&nbsp;est\u00e1&nbsp;simple&nbsp;reflexi\u00f3n,&nbsp;porque&nbsp;los&nbsp;canales&nbsp;van&nbsp;a&nbsp;comerciales&nbsp;al&nbsp;mismo&nbsp;tiempo&nbsp;Y&nbsp;se&nbsp;repite&nbsp;muchas&nbsp;veces&nbsp;la&nbsp;noticia&nbsp;al&nbsp;mismo&nbsp;momento&nbsp;en&nbsp;distinto&nbsp;canal. Eso&nbsp;es&nbsp;una&nbsp;p\u00e9sima&nbsp;imagen&nbsp;a&nbsp;la&nbsp;libertad&nbsp;de&nbsp;prensa,&nbsp;al&nbsp;mundo&nbsp;C\u00f3mo&nbsp;pa\u00eds&nbsp;de&nbsp;lo&nbsp;que&nbsp;estamos&nbsp;produciendo&nbsp;a&nbsp;nivel&nbsp;de&nbsp;televisi\u00f3n. Lo&nbsp;dejo&nbsp;en&nbsp;su&nbsp;criterio&nbsp;para&nbsp;sacar&nbsp;una&nbsp;conclusi\u00f3n&nbsp;sobre&nbsp;Por&nbsp;qu\u00e9&nbsp;se&nbsp;repite&nbsp;todo&nbsp;C\u00f3mo&nbsp;si&nbsp;todo&nbsp;fuese&nbsp;manejado&nbsp;desde&nbsp;las&nbsp;sombras&nbsp;por&nbsp;un&nbsp;mismo&nbsp;grupo&nbsp;econ\u00f3mico. Y&nbsp;si&nbsp;a&nbsp;esto&nbsp;le&nbsp;sumamos&nbsp;qu\u00e9&nbsp;las&nbsp;encuestas&nbsp;suelen&nbsp;ser&nbsp;manipuladas&nbsp;en&nbsp;cuanto&nbsp;al&nbsp;Universo&nbsp;de&nbsp;estudio&nbsp;para&nbsp;generar&nbsp;tendencia&nbsp;ya&nbsp;no&nbsp;existe&nbsp;democracia&nbsp;existe&nbsp;manipulaci\u00f3n&nbsp;de&nbsp;medio&nbsp;de&nbsp;comunicaci\u00f3n y estad\u00edsticas.<\/p>\n<\/div>","protected":false},"author":1,"featured_media":1120,"comment_status":"closed","ping_status":"open","sticky":false,"template":"","format":"standard","meta":{"footnotes":""},"categories":[6],"tags":[],"class_list":["post-3509","post","type-post","status-publish","format-standard","has-post-thumbnail","hentry","category-opiniones"],"_links":{"self":[{"href":"https:\/\/reneramon.cl\/index.php\/wp-json\/wp\/v2\/posts\/3509","targetHints":{"allow":["GET"]}}],"collection":[{"href":"https:\/\/reneramon.cl\/index.php\/wp-json\/wp\/v2\/posts"}],"about":[{"href":"https:\/\/reneramon.cl\/index.php\/wp-json\/wp\/v2\/types\/post"}],"author":[{"embeddable":true,"href":"https:\/\/reneramon.cl\/index.php\/wp-json\/wp\/v2\/users\/1"}],"replies":[{"embeddable":true,"href":"https:\/\/reneramon.cl\/index.php\/wp-json\/wp\/v2\/comments?post=3509"}],"version-history":[{"count":1,"href":"https:\/\/reneramon.cl\/index.php\/wp-json\/wp\/v2\/posts\/3509\/revisions"}],"predecessor-version":[{"id":3510,"href":"https:\/\/reneramon.cl\/index.php\/wp-json\/wp\/v2\/posts\/3509\/revisions\/3510"}],"wp:featuredmedia":[{"embeddable":true,"href":"https:\/\/reneramon.cl\/index.php\/wp-json\/wp\/v2\/media\/1120"}],"wp:attachment":[{"href":"https:\/\/reneramon.cl\/index.php\/wp-json\/wp\/v2\/media?parent=3509"}],"wp:term":[{"taxonomy":"category","embeddable":true,"href":"https:\/\/reneramon.cl\/index.php\/wp-json\/wp\/v2\/categories?post=3509"},{"taxonomy":"post_tag","embeddable":true,"href":"https:\/\/reneramon.cl\/index.php\/wp-json\/wp\/v2\/tags?post=3509"}],"curies":[{"name":"wp","href":"https:\/\/api.w.org\/{rel}","templated":true}]}}