{"id":3515,"date":"2021-10-30T02:07:11","date_gmt":"2021-10-30T02:07:11","guid":{"rendered":"http:\/\/reneramon.cl\/?p=3515"},"modified":"2024-02-02T19:55:54","modified_gmt":"2024-02-02T22:55:54","slug":"yo-voto-boric-y-no-kast-parte-ii","status":"publish","type":"post","link":"https:\/\/reneramon.cl\/index.php\/2021\/10\/30\/yo-voto-boric-y-no-kast-parte-ii\/","title":{"rendered":"Yo voto Boric y no Kast parte II"},"content":{"rendered":"\n<p>Hace&nbsp;algunas&nbsp;semanas&nbsp;atr\u00e1s&nbsp;explique&nbsp;por&nbsp;qu\u00e9&nbsp;no&nbsp;voto&nbsp;por&nbsp;Kast,&nbsp;candidato&nbsp;bien&nbsp;preparado&nbsp;pero&nbsp;con&nbsp;algunas&nbsp;ideas&nbsp;extremas&nbsp;y&nbsp;pinochetista(cosa&nbsp;no&nbsp;mala&nbsp;en&nbsp;mi&nbsp;opini\u00f3n&nbsp;pero&nbsp;si&nbsp;en&nbsp;millones).<\/p>\n\n\n\n<p>Yo&nbsp;apoye&nbsp;a&nbsp;kast&nbsp;en&nbsp;las&nbsp;elecciones&nbsp;pasadas&nbsp;pero&nbsp;ahora&nbsp;no.<\/p>\n\n\n\n<p>Porque&nbsp;a&nbsp;este&nbsp;candidato&nbsp;no&nbsp;lo&nbsp;van&nbsp;a&nbsp;dejar&nbsp;gobernar&nbsp;y&nbsp;por&nbsp;su&nbsp;manera&nbsp;de&nbsp;actuar&nbsp;y&nbsp;proyecto&nbsp;de&nbsp;gobierno&nbsp;es&nbsp;posiblemente&nbsp;va&nbsp;a&nbsp;ser&nbsp;duro&nbsp;lo&nbsp;que&nbsp;puede&nbsp;llevar&nbsp;al&nbsp;pa\u00eds&nbsp;a&nbsp;la&nbsp;guerra&nbsp;civil.<\/p>\n\n\n\n<p>Ahora&nbsp;Por&nbsp;qu\u00e9&nbsp;es&nbsp;bueno&nbsp;que&nbsp;venga&nbsp;Un&nbsp;gobierno&nbsp;de&nbsp;izquierda&nbsp;Porque&nbsp;si&nbsp;viene&nbsp;la&nbsp;cat\u00e1strofe&nbsp;es&nbsp;mejor&nbsp;que&nbsp;gobierne&nbsp;los&nbsp;llorones&nbsp;los&nbsp;que&nbsp;dividen&nbsp;al&nbsp;pa\u00eds&nbsp;para&nbsp;que&nbsp;despu\u00e9s&nbsp;no&nbsp;le&nbsp;echen&nbsp;la&nbsp;culpa&nbsp;a\u00fan&nbsp;posible&nbsp;pinochet.<\/p>\n\n\n\n<p>Entonces&nbsp;la&nbsp;ecuaci\u00f3n&nbsp;es&nbsp;sale&nbsp;boric&nbsp;y&nbsp;puede&nbsp;haber&nbsp;problemas&nbsp;con&nbsp;los&nbsp;empresarios&nbsp;pero&nbsp;haber&nbsp;descontento&nbsp;social&nbsp;entonces&nbsp;all\u00ed&nbsp;por&nbsp;obligaci\u00f3n&nbsp;las&nbsp;fuerzas&nbsp;de&nbsp;orden&nbsp;tendr\u00eda&nbsp;que&nbsp;pronunciarse.<\/p>\n\n\n\n<p>Ahora&nbsp;el&nbsp;pa\u00eds&nbsp;no&nbsp;se&nbsp;va&nbsp;a&nbsp;solucionar&nbsp;con&nbsp;pol\u00edtica&nbsp;la&nbsp;soluci\u00f3n&nbsp;del&nbsp;pa\u00eds&nbsp;pasa&nbsp;por&nbsp;un&nbsp;gobierno&nbsp;autoritario&nbsp;que&nbsp;tenga&nbsp;el&nbsp;control&nbsp;de&nbsp;todos&nbsp;los&nbsp;poderes&nbsp;Osea&nbsp;que&nbsp;un&nbsp;presidente&nbsp;no&nbsp;podr\u00eda&nbsp;hacerlo&nbsp;Y&nbsp;adem\u00e1s&nbsp;que&nbsp;cuente&nbsp;con&nbsp;el&nbsp;apoyo&nbsp;internacional&nbsp;de&nbsp;por&nbsp;ejemplos&nbsp;Estados&nbsp;Unidos&nbsp;y&nbsp;Reino&nbsp;Unido&nbsp;para&nbsp;futuro&nbsp;proyectarnos&nbsp;en&nbsp;un&nbsp;pa\u00eds&nbsp;con&nbsp;derechos&nbsp;y&nbsp;obligaciones&nbsp;bien&nbsp;a&nbsp;futuro.<\/p>\n\n\n\n<p>Existen&nbsp;otros&nbsp;candidatos&nbsp;pero&nbsp;lo&nbsp;m\u00e1s&nbsp;pol\u00e9micos&nbsp;son&nbsp;estos&nbsp;dos&nbsp;existe&nbsp;tambi\u00e9n&nbsp;una&nbsp;idea&nbsp;de&nbsp;forzar&nbsp;la&nbsp;situaci\u00f3n&nbsp;para&nbsp;que&nbsp;estos&nbsp;dos&nbsp;candidatos&nbsp;lleguen&nbsp;al&nbsp;final&nbsp;ya&nbsp;sea&nbsp;por&nbsp;encuesta&nbsp;o&nbsp;por&nbsp;opiniones.<\/p>\n\n\n\n<p>Personalmente&nbsp;quiero&nbsp;que&nbsp;la&nbsp;izquierda&nbsp;gan\u00e9&nbsp;porque&nbsp;a&nbsp;estas&nbsp;alturas&nbsp;Con&nbsp;tantos&nbsp;avances&nbsp;tecnol\u00f3gicos&nbsp;la&nbsp;historia&nbsp;los&nbsp;va&nbsp;a&nbsp;juzgar&nbsp;C\u00f3mo&nbsp;el&nbsp;movimiento&nbsp;m\u00e1s&nbsp;destructivo&nbsp;del&nbsp;planeta&nbsp;y&nbsp;por&nbsp;ello&nbsp;es&nbsp;importante&nbsp;que&nbsp;sean&nbsp;ellos&nbsp;el&nbsp;\u00faltimo&nbsp;eslab\u00f3n&nbsp;antes&nbsp;del&nbsp;gobierno&nbsp;militar.<\/p>\n\n\n\n<p>Porque&nbsp;vamos&nbsp;a&nbsp;quemar&nbsp;a&nbsp;un&nbsp;candidato&nbsp;con&nbsp;ideas&nbsp;claras&nbsp;algo&nbsp;extremista&nbsp;s\u00ed&nbsp;no&nbsp;lo&nbsp;van&nbsp;a&nbsp;dejar&nbsp;gobernar.<\/p>\n\n\n\n<p>Pensemos&nbsp;que&nbsp;Latinoam\u00e9rica&nbsp;es&nbsp;el&nbsp;patio&nbsp;trasero&nbsp;de&nbsp;los&nbsp;Estados&nbsp;Unidos&nbsp;y&nbsp;por&nbsp;ello&nbsp;mismo&nbsp;podr\u00eda&nbsp;destruirse&nbsp;la&nbsp;\u00faltima&nbsp;econom\u00eda&nbsp;grupo&nbsp;militar&nbsp;Aliado&nbsp;este&nbsp;pa\u00eds&nbsp;con&nbsp;apoyo&nbsp;expreso.<\/p>\n\n\n\n<p>Ahora&nbsp;qu\u00e9&nbsp;har\u00eda&nbsp;yo&nbsp;voto&nbsp;Boric&nbsp;y&nbsp;exijo&nbsp;tanto&nbsp;C\u00f3mo&nbsp;en&nbsp;la&nbsp;gesti\u00f3n&nbsp;de&nbsp;Pi\u00f1era,&nbsp;ley&nbsp;pareja&nbsp;no&nbsp;es&nbsp;dura.<\/p>\n\n\n\n<p>Tarde o temprano por el futuro del pa\u00eds Tendr\u00eda que haber un pronunciamiento qu\u00e9 no Deber\u00eda venir precisamente diste propio pa\u00eds.&nbsp;<\/p>\n\n\n\n<p><\/p>\n\n\n\n<p>hablan de comunismo en Chile<\/p>\n\n\n\n<p>sin pensar que las FF.AA ya tienen bando y log\u00edstica comprometida<\/p>\n\n\n\n<p>y AUKUS y el BREXIT emperezar\u00e1n el nWo<\/p>\n\n\n\n<p>adem\u00e1s de fallar la log\u00edstica pueden fallar las relaciones diplom\u00e1ticas con los vecinos<\/p>\n\n\n\n<p><\/p>\n\n\n\n<p><\/p>\n\n\n\n<p>Se puede tener un gobierno Comunista con armamento de la otan??Y QUE PASARIA SI LLEGA UN GOBIERNO COMUNISTA Y TENEMOS PROBLEMAS LIMITROFES POR EJEMPLO CON ARGENTINA , PLATAFORMA CONTINENTAL ANTARTICA??QUE NOS CONVIENE ??A LOS PINOCHETISTAS AMANTES DE LAS FF.AA??<\/p>\n","protected":false},"excerpt":{"rendered":"<div class=\"mh-excerpt\"><p>Hace&nbsp;algunas&nbsp;semanas&nbsp;atr\u00e1s&nbsp;explique&nbsp;por&nbsp;qu\u00e9&nbsp;no&nbsp;voto&nbsp;por&nbsp;Kast,&nbsp;candidato&nbsp;bien&nbsp;preparado&nbsp;pero&nbsp;con&nbsp;algunas&nbsp;ideas&nbsp;extremas&nbsp;y&nbsp;pinochetista(cosa&nbsp;no&nbsp;mala&nbsp;en&nbsp;mi&nbsp;opini\u00f3n&nbsp;pero&nbsp;si&nbsp;en&nbsp;millones). Yo&nbsp;apoye&nbsp;a&nbsp;kast&nbsp;en&nbsp;las&nbsp;elecciones&nbsp;pasadas&nbsp;pero&nbsp;ahora&nbsp;no. Porque&nbsp;a&nbsp;este&nbsp;candidato&nbsp;no&nbsp;lo&nbsp;van&nbsp;a&nbsp;dejar&nbsp;gobernar&nbsp;y&nbsp;por&nbsp;su&nbsp;manera&nbsp;de&nbsp;actuar&nbsp;y&nbsp;proyecto&nbsp;de&nbsp;gobierno&nbsp;es&nbsp;posiblemente&nbsp;va&nbsp;a&nbsp;ser&nbsp;duro&nbsp;lo&nbsp;que&nbsp;puede&nbsp;llevar&nbsp;al&nbsp;pa\u00eds&nbsp;a&nbsp;la&nbsp;guerra&nbsp;civil. Ahora&nbsp;Por&nbsp;qu\u00e9&nbsp;es&nbsp;bueno&nbsp;que&nbsp;venga&nbsp;Un&nbsp;gobierno&nbsp;de&nbsp;izquierda&nbsp;Porque&nbsp;si&nbsp;viene&nbsp;la&nbsp;cat\u00e1strofe&nbsp;es&nbsp;mejor&nbsp;que&nbsp;gobierne&nbsp;los&nbsp;llorones&nbsp;los&nbsp;que&nbsp;dividen&nbsp;al&nbsp;pa\u00eds&nbsp;para&nbsp;que&nbsp;despu\u00e9s&nbsp;no&nbsp;le&nbsp;echen&nbsp;la&nbsp;culpa&nbsp;a\u00fan&nbsp;posible&nbsp;pinochet. Entonces&nbsp;la&nbsp;ecuaci\u00f3n&nbsp;es&nbsp;sale&nbsp;boric&nbsp;y&nbsp;puede&nbsp;haber&nbsp;problemas&nbsp;con&nbsp;los&nbsp;empresarios&nbsp;pero&nbsp;haber&nbsp;descontento&nbsp;social&nbsp;entonces&nbsp;all\u00ed&nbsp;por&nbsp;obligaci\u00f3n&nbsp;las&nbsp;fuerzas&nbsp;de&nbsp;orden&nbsp;tendr\u00eda&nbsp;que&nbsp;pronunciarse. Ahora&nbsp;el&nbsp;pa\u00eds&nbsp;no&nbsp;se&nbsp;va&nbsp;a&nbsp;solucionar&nbsp;con&nbsp;pol\u00edtica&nbsp;la&nbsp;soluci\u00f3n&nbsp;del&nbsp;pa\u00eds&nbsp;pasa&nbsp;por&nbsp;un&nbsp;gobierno&nbsp;autoritario&nbsp;que&nbsp;tenga&nbsp;el&nbsp;control&nbsp;de&nbsp;todos&nbsp;los&nbsp;poderes&nbsp;Osea&nbsp;que&nbsp;un&nbsp;presidente&nbsp;no&nbsp;podr\u00eda&nbsp;hacerlo&nbsp;Y&nbsp;adem\u00e1s&nbsp;que&nbsp;cuente&nbsp;con&nbsp;el&nbsp;apoyo&nbsp;internacional&nbsp;de&nbsp;por&nbsp;ejemplos&nbsp;Estados&nbsp;Unidos&nbsp;y&nbsp;Reino&nbsp;Unido&nbsp;para&nbsp;futuro&nbsp;proyectarnos&nbsp;en&nbsp;un&nbsp;pa\u00eds&nbsp;con&nbsp;derechos&nbsp;y&nbsp;obligaciones&nbsp;bien&nbsp;a&nbsp;futuro. Existen&nbsp;otros&nbsp;candidatos&nbsp;pero&nbsp;lo&nbsp;m\u00e1s&nbsp;pol\u00e9micos&nbsp;son&nbsp;estos&nbsp;dos&nbsp;existe&nbsp;tambi\u00e9n&nbsp;una&nbsp;idea&nbsp;de&nbsp;forzar&nbsp;la&nbsp;situaci\u00f3n&nbsp;para&nbsp;que&nbsp;estos&nbsp;dos&nbsp;candidatos&nbsp;lleguen&nbsp;al&nbsp;final&nbsp;ya&nbsp;sea&nbsp;por&nbsp;encuesta&nbsp;o&nbsp;por&nbsp;opiniones. Personalmente&nbsp;quiero&nbsp;que&nbsp;la&nbsp;izquierda&nbsp;gan\u00e9&nbsp;porque&nbsp;a&nbsp;estas&nbsp;alturas&nbsp;Con&nbsp;tantos&nbsp;avances&nbsp;tecnol\u00f3gicos&nbsp;la&nbsp;historia&nbsp;los&nbsp;va&nbsp;a&nbsp;juzgar&nbsp;C\u00f3mo&nbsp;el&nbsp;movimiento&nbsp;m\u00e1s&nbsp;destructivo&nbsp;del&nbsp;planeta&nbsp;y&nbsp;por&nbsp;ello&nbsp;es&nbsp;importante&nbsp;que&nbsp;sean&nbsp;ellos&nbsp;el&nbsp;\u00faltimo&nbsp;eslab\u00f3n&nbsp;antes&nbsp;del&nbsp;gobierno&nbsp;militar. Porque&nbsp;vamos&nbsp;a&nbsp;quemar&nbsp;a&nbsp;un&nbsp;candidato&nbsp;con&nbsp;ideas&nbsp;claras&nbsp;algo&nbsp;extremista&nbsp;s\u00ed&nbsp;no&nbsp;lo&nbsp;van&nbsp;a&nbsp;dejar&nbsp;gobernar. Pensemos&nbsp;que&nbsp;Latinoam\u00e9rica&nbsp;es&nbsp;el&nbsp;patio&nbsp;trasero&nbsp;de&nbsp;los&nbsp;Estados&nbsp;Unidos&nbsp;y&nbsp;por&nbsp;ello&nbsp;mismo&nbsp;podr\u00eda&nbsp;destruirse&nbsp;la&nbsp;\u00faltima&nbsp;econom\u00eda&nbsp;grupo&nbsp;militar&nbsp;Aliado&nbsp;este&nbsp;pa\u00eds&nbsp;con&nbsp;apoyo&nbsp;expreso. Ahora&nbsp;qu\u00e9&nbsp;har\u00eda&nbsp;yo&nbsp;voto&nbsp;Boric&nbsp;y&nbsp;exijo&nbsp;tanto&nbsp;C\u00f3mo&nbsp;en&nbsp;la&nbsp;gesti\u00f3n&nbsp;de&nbsp;Pi\u00f1era,&nbsp;ley&nbsp;pareja&nbsp;no&nbsp;es&nbsp;dura. Tarde o temprano por el futuro del pa\u00eds Tendr\u00eda que haber un pronunciamiento qu\u00e9 <a class=\"mh-excerpt-more\" href=\"https:\/\/reneramon.cl\/index.php\/2021\/10\/30\/yo-voto-boric-y-no-kast-parte-ii\/\" title=\"Yo voto Boric y no Kast parte II\">[&#8230;]<\/a><\/p>\n<\/div>","protected":false},"author":1,"featured_media":1120,"comment_status":"closed","ping_status":"open","sticky":false,"template":"","format":"standard","meta":{"footnotes":""},"categories":[6],"tags":[],"class_list":["post-3515","post","type-post","status-publish","format-standard","has-post-thumbnail","hentry","category-opiniones"],"_links":{"self":[{"href":"https:\/\/reneramon.cl\/index.php\/wp-json\/wp\/v2\/posts\/3515","targetHints":{"allow":["GET"]}}],"collection":[{"href":"https:\/\/reneramon.cl\/index.php\/wp-json\/wp\/v2\/posts"}],"about":[{"href":"https:\/\/reneramon.cl\/index.php\/wp-json\/wp\/v2\/types\/post"}],"author":[{"embeddable":true,"href":"https:\/\/reneramon.cl\/index.php\/wp-json\/wp\/v2\/users\/1"}],"replies":[{"embeddable":true,"href":"https:\/\/reneramon.cl\/index.php\/wp-json\/wp\/v2\/comments?post=3515"}],"version-history":[{"count":3,"href":"https:\/\/reneramon.cl\/index.php\/wp-json\/wp\/v2\/posts\/3515\/revisions"}],"predecessor-version":[{"id":3518,"href":"https:\/\/reneramon.cl\/index.php\/wp-json\/wp\/v2\/posts\/3515\/revisions\/3518"}],"wp:featuredmedia":[{"embeddable":true,"href":"https:\/\/reneramon.cl\/index.php\/wp-json\/wp\/v2\/media\/1120"}],"wp:attachment":[{"href":"https:\/\/reneramon.cl\/index.php\/wp-json\/wp\/v2\/media?parent=3515"}],"wp:term":[{"taxonomy":"category","embeddable":true,"href":"https:\/\/reneramon.cl\/index.php\/wp-json\/wp\/v2\/categories?post=3515"},{"taxonomy":"post_tag","embeddable":true,"href":"https:\/\/reneramon.cl\/index.php\/wp-json\/wp\/v2\/tags?post=3515"}],"curies":[{"name":"wp","href":"https:\/\/api.w.org\/{rel}","templated":true}]}}