{"id":3531,"date":"2021-11-03T21:04:56","date_gmt":"2021-11-03T21:04:56","guid":{"rendered":"http:\/\/reneramon.cl\/?p=3531"},"modified":"2024-02-02T19:55:54","modified_gmt":"2024-02-02T22:55:54","slug":"se-acabaron-los-chiches-para-chile","status":"publish","type":"post","link":"https:\/\/reneramon.cl\/index.php\/2021\/11\/03\/se-acabaron-los-chiches-para-chile\/","title":{"rendered":"se acabaron los chiches para Chile??"},"content":{"rendered":"\n<p>Este post es corto y es una pregunta para los tod\u00f3logos militares&#8230;<\/p>\n\n\n\n<p>Desde hace ya unos a\u00f1os que no se habla de nuevo armamento de punta en Chile&#8230;<\/p>\n\n\n\n<p>tendr\u00e1 algo que ver nuestras pol\u00edticas internas y acercamiento al comunismo internacional?<\/p>\n\n\n\n<p>se han estado comprando material en China en desmedro de Estados Unidos o Europa.<\/p>\n\n\n\n<p>en el sector log\u00edstico digo&#8230;<\/p>\n\n\n\n<p>Aun queda la promesa de los helic\u00f3pteros de ataque&#8230;<\/p>\n\n\n\n<p>De seguir Chile este alineamiento de dejar entrar inversiones Chinas a Chile<\/p>\n\n\n\n<p>y tener pol\u00edticos que no miran malo este vinculo econ\u00f3mico y comercial<\/p>\n\n\n\n<p>o de tener pol\u00edticos comunistas&#8230;<\/p>\n\n\n\n<p>Es probable que perdamos la alianza militar con Estados Unidos y algunos paises de Europa??<\/p>\n\n\n\n<p>el otro d\u00eda vi que se firmo un &nbsp;tratado de cooperaci\u00f3n militar con Israel<\/p>\n\n\n\n<p>cuando estuvo Pinochet y hubo problemas de abastecimiento el mercado Israel\u00ed ayudo&#8230;<\/p>\n\n\n\n<p>Nos est\u00e1n escondiendo algo los pol\u00edticos???<\/p>\n\n\n\n<p>Cuantas d\u00e9cadas se demora un pais en cambiar de doctrina militar??<\/p>\n\n\n\n<p>las fuerzas armadas est\u00e1n de acuerdo???<\/p>\n\n\n\n<p>saben lo que hacen los pol\u00edticos chilenos , mas teniendo tensi\u00f3n con Argentina en materia lim\u00edtrofe??<\/p>\n","protected":false},"excerpt":{"rendered":"<div class=\"mh-excerpt\"><p>Este post es corto y es una pregunta para los tod\u00f3logos militares&#8230; Desde hace ya unos a\u00f1os que no se habla de nuevo armamento de <a class=\"mh-excerpt-more\" href=\"https:\/\/reneramon.cl\/index.php\/2021\/11\/03\/se-acabaron-los-chiches-para-chile\/\" title=\"se acabaron los chiches para Chile??\">[&#8230;]<\/a><\/p>\n<\/div>","protected":false},"author":1,"featured_media":2761,"comment_status":"closed","ping_status":"open","sticky":false,"template":"","format":"standard","meta":{"footnotes":""},"categories":[6],"tags":[],"class_list":["post-3531","post","type-post","status-publish","format-standard","has-post-thumbnail","hentry","category-opiniones"],"_links":{"self":[{"href":"https:\/\/reneramon.cl\/index.php\/wp-json\/wp\/v2\/posts\/3531","targetHints":{"allow":["GET"]}}],"collection":[{"href":"https:\/\/reneramon.cl\/index.php\/wp-json\/wp\/v2\/posts"}],"about":[{"href":"https:\/\/reneramon.cl\/index.php\/wp-json\/wp\/v2\/types\/post"}],"author":[{"embeddable":true,"href":"https:\/\/reneramon.cl\/index.php\/wp-json\/wp\/v2\/users\/1"}],"replies":[{"embeddable":true,"href":"https:\/\/reneramon.cl\/index.php\/wp-json\/wp\/v2\/comments?post=3531"}],"version-history":[{"count":1,"href":"https:\/\/reneramon.cl\/index.php\/wp-json\/wp\/v2\/posts\/3531\/revisions"}],"predecessor-version":[{"id":3532,"href":"https:\/\/reneramon.cl\/index.php\/wp-json\/wp\/v2\/posts\/3531\/revisions\/3532"}],"wp:featuredmedia":[{"embeddable":true,"href":"https:\/\/reneramon.cl\/index.php\/wp-json\/wp\/v2\/media\/2761"}],"wp:attachment":[{"href":"https:\/\/reneramon.cl\/index.php\/wp-json\/wp\/v2\/media?parent=3531"}],"wp:term":[{"taxonomy":"category","embeddable":true,"href":"https:\/\/reneramon.cl\/index.php\/wp-json\/wp\/v2\/categories?post=3531"},{"taxonomy":"post_tag","embeddable":true,"href":"https:\/\/reneramon.cl\/index.php\/wp-json\/wp\/v2\/tags?post=3531"}],"curies":[{"name":"wp","href":"https:\/\/api.w.org\/{rel}","templated":true}]}}