{"id":3574,"date":"2021-11-15T00:33:29","date_gmt":"2021-11-15T00:33:29","guid":{"rendered":"https:\/\/reneramon.cl\/?p=3574"},"modified":"2024-02-02T19:55:54","modified_gmt":"2024-02-02T22:55:54","slug":"megasequia-agua-perdida-en-napas-subterraneas-de-santiago-podria-llenar-68-lagunas-de-aculeo","status":"publish","type":"post","link":"https:\/\/reneramon.cl\/index.php\/2021\/11\/15\/megasequia-agua-perdida-en-napas-subterraneas-de-santiago-podria-llenar-68-lagunas-de-aculeo\/","title":{"rendered":"Megasequ\u00eda: Agua perdida en napas subterr\u00e1neas de Santiago podr\u00eda llenar 68 lagunas de Aculeo"},"content":{"rendered":"\n<ul class=\"wp-block-list\"><li><\/li><\/ul>\n\n\n\n<figure class=\"wp-block-image\"><img decoding=\"async\" src=\"https:\/\/assets.radioagricultura.cl\/\/2021\/11\/Embalse_El_Yeso._-_panoramio_26-scaled-818x460.jpg\" alt=\"\"\/><\/figure>\n\n\n\n<p>La reserva subterr\u00e1nea, dicen los expertos, servir\u00eda como \u2018plan B\u2019 en caso de que se secara el embalse El Yeso, lo que genera la preocupaci\u00f3n ante la disminuci\u00f3n de su volumen l\u00edquido durante la \u00faltima d\u00e9cada.<\/p>\n\n\n\n<p>Hace m\u00e1s de 10 a\u00f1os que la escasez h\u00eddrica afecta al pa\u00eds. Y la situaci\u00f3n no cambiar\u00e1: este a\u00f1o ha sido uno de los peores debido a la poca lluvia.<\/p>\n\n\n\n<p>Un efecto menos conocido es la p\u00e9rdida de agua en las napas subterr\u00e1neas, como ocurre en Santiago, seg\u00fan los resultados preliminares de un estudio elaborado por el Centro de Investigaci\u00f3n y Desarrollo de Ecosistemas H\u00eddricos de la Universidad Bernardo O\u2019Higgins.<\/p>\n\n\n\n<p>Los datos plantean que las napas subterr\u00e1neas del Valle de Santiago, que abarcan unos 1.900 kil\u00f3metros cuadrados, entre 2010 y 2020 perdieron cerca de 3.800 millones de metros c\u00fabicos de agua. La cantidad equivale al volumen de 67,8 lagunas de Aculeo (56 millones de m\u00b3 antes de 2010), o a 17 embalses El Yeso (220 millones de m\u00b3) a plena capacidad.<\/p>\n\n\n\n<p>En promedio, la reducci\u00f3n de agua en las napas de la Regi\u00f3n Metropolitana alcanz\u00f3 15 y 20 metros en la d\u00e9cada estudiada, significativamente superior a los descensos registrados entre 2000 y 2010, cuando promedi\u00f3 solo dos metros.<\/p>\n\n\n\n<p>Las napas son una reserva adicional al embalse El Yeso, es decir, en el caso de no contar con este se podr\u00edan utilizar. De ah\u00ed la preocupaci\u00f3n, pues el estudio indica que es muy poco probable la recuperaci\u00f3n, ya que se trata de un efecto relacionado a la falta de agua lluvia.<\/p>\n\n\n\n<p>Christian Herrera, director del Centro de Investigaci\u00f3n y Desarrollo de Ecosistemas H\u00eddricos de la universidad, plantea que \u2018esta sequ\u00eda, por la extensi\u00f3n que ha tenido de m\u00e1s de 10 a\u00f1os y el d\u00e9ficit continuo de lluvia, ha generado una situaci\u00f3n de que si el embalse El Yeso se secara, la idea de usar las napas subterr\u00e1neas ser\u00eda muy compleja porque han bajado demasiado producto de la sequ\u00eda, y la recarga natural que tienen de agua de lluvia ha disminuido\u2019.<br>Para entender c\u00f3mo funcionan plantea una analog\u00eda: \u2018Usted tiene un vaso de vidrio y lo llena con arena seca hasta arriba, y tiene agua con tinta azul y empieza a echarla al vaso; esta agua comenzar\u00e1 a filtrarse a ir hasta el fondo y comenzar\u00e1 a subir. As\u00ed ocurre con el agua de lluvia\u2019.<\/p>\n\n\n\n<p>La directora de la Escuela de Ciencias Ambientales y Sustentabilidad de la U. Andr\u00e9s Bello, Elizabeth Garrido, se\u00f1ala que \u2018hay varias zonas donde los pozos hay que hacerlos m\u00e1s profundos para extraer agua y es preocupante porque el agua que tiene mejor calidad para ocupar es la subterr\u00e1nea. Por eso tambi\u00e9n ha tenido una mayor extracci\u00f3n\u2019.<br>Diego Rivera, especialista del Centro de Investigaci\u00f3n en Sustentabilidad y Gesti\u00f3n Estrat\u00e9gica de Recursos de la U. del Desarrollo, destaca que \u2018la cantidad de agua subterr\u00e1nea que tenemos depende de las lluvias, y hace 10 a\u00f1os no nos imagin\u00e1bamos la importancia que tendr\u00edan, que ser\u00edan una especie de plan B\u2019.<\/p>\n\n\n\n<p>Eso s\u00ed, a\u00f1ade respecto de la p\u00e9rdida que \u2018la velocidad con la que ocurren los procesos de agua subterr\u00e1nea es diferente que en la superficie; se necesitan muchos m\u00e1s a\u00f1os para recuperaci\u00f3n\u2019.<br>Herrera apunta a que \u2018se necesitar\u00edan unos 10 o 15 a\u00f1os de super\u00e1vit de lluvia para poder recuperar las napas, lo que es casi imposible bajo el escenario actual de escasez\u2019. \u2018Tenemos que adaptarnos a vivir con poca agua\u2019, a\u00f1ade.<\/p>\n\n\n\n<p>Rivera coincide y suma que \u2018debe haber una adaptaci\u00f3n, y planificaci\u00f3n alrededor del fen\u00f3meno: inyectar agua en los acu\u00edferos, embalses superficiales que puedan capturar mejor el agua\u2019.<br>En tanto, la Direcci\u00f3n General de Aguas del Ministerio de Obras P\u00fablicas afirma que trabaja en la actualizaci\u00f3n de \u2018la red de monitoreo de aguas subterr\u00e1neas para contar con informaci\u00f3n que sea m\u00e1s representativa y precisa de los niveles de los acu\u00edferos tanto de la cuenca del Maipo como del resto del pa\u00eds\u2019.<\/p>\n\n\n\n<p>La meta, indica, es que a 2022 \u2018el 100% de las estaciones fluviom\u00e9tricas y meteorol\u00f3gicas est\u00e9 automatizado y con transmisi\u00f3n en l\u00ednea\u2019.<br><strong>Recuadro<\/strong><\/p>\n\n\n\n<p>\u201cSe necesitar\u00edan unos 10 o 15 a\u00f1os de super\u00e1vit de lluvia para poder recuperar las napas, lo que es casi imposible bajo el escenario actual de escasez\u2019.<\/p>\n\n\n\n<p>Christian Herrera<br>Investigador de la U. Bernardo O\u2019Higgins<\/p>\n\n\n\n<p>La cantidad de agua subterr\u00e1nea que tenemos depende de las lluvias, y hace 10 a\u00f1os no nos imagin\u00e1bamos la importancia que tendr\u00edan, que ser\u00edan una especie de plan B\u2019.<br>Diego Rivera<\/p>\n\n\n\n<p>Especialista de la U. del Desarrollo<\/p>\n\n\n\n<p><\/p>\n\n\n\n<figure class=\"wp-block-embed\"><div class=\"wp-block-embed__wrapper\">\nhttps:\/\/www.radioagricultura.cl\/elagro\/2021\/11\/12\/megasequia-agua-perdida-en-napas-subterraneas-de-santiago-podria-llenar-68-lagunas-de-aculeo.html\n<\/div><\/figure>\n","protected":false},"excerpt":{"rendered":"<div class=\"mh-excerpt\"><p>La reserva subterr\u00e1nea, dicen los expertos, servir\u00eda como \u2018plan B\u2019 en caso de que se secara el embalse El Yeso, lo que genera la preocupaci\u00f3n <a class=\"mh-excerpt-more\" href=\"https:\/\/reneramon.cl\/index.php\/2021\/11\/15\/megasequia-agua-perdida-en-napas-subterraneas-de-santiago-podria-llenar-68-lagunas-de-aculeo\/\" title=\"Megasequ\u00eda: Agua perdida en napas subterr\u00e1neas de Santiago podr\u00eda llenar 68 lagunas de Aculeo\">[&#8230;]<\/a><\/p>\n<\/div>","protected":false},"author":1,"featured_media":1120,"comment_status":"closed","ping_status":"open","sticky":false,"template":"","format":"standard","meta":{"footnotes":""},"categories":[4],"tags":[],"class_list":["post-3574","post","type-post","status-publish","format-standard","has-post-thumbnail","hentry","category-noticias-internacionales"],"_links":{"self":[{"href":"https:\/\/reneramon.cl\/index.php\/wp-json\/wp\/v2\/posts\/3574","targetHints":{"allow":["GET"]}}],"collection":[{"href":"https:\/\/reneramon.cl\/index.php\/wp-json\/wp\/v2\/posts"}],"about":[{"href":"https:\/\/reneramon.cl\/index.php\/wp-json\/wp\/v2\/types\/post"}],"author":[{"embeddable":true,"href":"https:\/\/reneramon.cl\/index.php\/wp-json\/wp\/v2\/users\/1"}],"replies":[{"embeddable":true,"href":"https:\/\/reneramon.cl\/index.php\/wp-json\/wp\/v2\/comments?post=3574"}],"version-history":[{"count":1,"href":"https:\/\/reneramon.cl\/index.php\/wp-json\/wp\/v2\/posts\/3574\/revisions"}],"predecessor-version":[{"id":3575,"href":"https:\/\/reneramon.cl\/index.php\/wp-json\/wp\/v2\/posts\/3574\/revisions\/3575"}],"wp:featuredmedia":[{"embeddable":true,"href":"https:\/\/reneramon.cl\/index.php\/wp-json\/wp\/v2\/media\/1120"}],"wp:attachment":[{"href":"https:\/\/reneramon.cl\/index.php\/wp-json\/wp\/v2\/media?parent=3574"}],"wp:term":[{"taxonomy":"category","embeddable":true,"href":"https:\/\/reneramon.cl\/index.php\/wp-json\/wp\/v2\/categories?post=3574"},{"taxonomy":"post_tag","embeddable":true,"href":"https:\/\/reneramon.cl\/index.php\/wp-json\/wp\/v2\/tags?post=3574"}],"curies":[{"name":"wp","href":"https:\/\/api.w.org\/{rel}","templated":true}]}}