{"id":3618,"date":"2021-12-04T04:59:49","date_gmt":"2021-12-04T04:59:49","guid":{"rendered":"https:\/\/reneramon.cl\/?p=3618"},"modified":"2024-02-02T19:55:53","modified_gmt":"2024-02-02T22:55:53","slug":"peru-dando-catedra-al-empresariado-chileno","status":"publish","type":"post","link":"https:\/\/reneramon.cl\/index.php\/2021\/12\/04\/peru-dando-catedra-al-empresariado-chileno\/","title":{"rendered":"Per\u00fa dando catedra al empresariado chileno&#8230;"},"content":{"rendered":"\n<ul class=\"wp-block-list\"><li><\/li><\/ul>\n\n\n\n<p><\/p>\n\n\n\n<p>Si algo reconozco es ver como las Pymes peruanas apoyan a sus celebridades , hace pocos d\u00edas vimos como al Flaco est\u00e1n por rematarle su hogar.<\/p>\n\n\n\n<p>Ahora vemos esta lecci\u00f3n que nos dan los peruanos &#8230;<\/p>\n\n\n\n<p>Siempre veo videos como les dan regalos a sus youtubers o personas carism\u00e1ticas<\/p>\n\n\n\n<p>pasa eso en Chile??<\/p>\n\n\n\n<p><\/p>\n\n\n\n<iframe loading=\"lazy\" src=\"https:\/\/www.facebook.com\/plugins\/video.php?height=476&#038;href=https%3A%2F%2Fwww.facebook.com%2Flatialucindaoficial%2Fvideos%2F586692415928539%2F&#038;show_text=false&#038;width=476&#038;t=0\" width=\"476\" height=\"476\" style=\"border:none;overflow:hidden\" scrolling=\"no\" frameborder=\"0\" allowfullscreen=\"true\" allow=\"autoplay; clipboard-write; encrypted-media; picture-in-picture; web-share\" allowFullScreen=\"true\"><\/iframe>\n\n\n\n<p><\/p>\n\n\n\n<p><\/p>\n\n\n\n<p>PD; con el tata se repart\u00eda con el festival de la una , esa clase se termino en los 90 , quiz\u00e1s el programa \u00e9xito de canal 13 antiguo fue el ultimo en dar esa alegr\u00eda al pueblo.<\/p>\n\n\n\n<p><\/p>\n\n\n\n<p><\/p>\n","protected":false},"excerpt":{"rendered":"<div class=\"mh-excerpt\"><p>Si algo reconozco es ver como las Pymes peruanas apoyan a sus celebridades , hace pocos d\u00edas vimos como al Flaco est\u00e1n por rematarle su <a class=\"mh-excerpt-more\" href=\"https:\/\/reneramon.cl\/index.php\/2021\/12\/04\/peru-dando-catedra-al-empresariado-chileno\/\" title=\"Per\u00fa dando catedra al empresariado chileno&#8230;\">[&#8230;]<\/a><\/p>\n<\/div>","protected":false},"author":1,"featured_media":1120,"comment_status":"closed","ping_status":"open","sticky":false,"template":"","format":"standard","meta":{"footnotes":""},"categories":[6],"tags":[],"class_list":["post-3618","post","type-post","status-publish","format-standard","has-post-thumbnail","hentry","category-opiniones"],"_links":{"self":[{"href":"https:\/\/reneramon.cl\/index.php\/wp-json\/wp\/v2\/posts\/3618","targetHints":{"allow":["GET"]}}],"collection":[{"href":"https:\/\/reneramon.cl\/index.php\/wp-json\/wp\/v2\/posts"}],"about":[{"href":"https:\/\/reneramon.cl\/index.php\/wp-json\/wp\/v2\/types\/post"}],"author":[{"embeddable":true,"href":"https:\/\/reneramon.cl\/index.php\/wp-json\/wp\/v2\/users\/1"}],"replies":[{"embeddable":true,"href":"https:\/\/reneramon.cl\/index.php\/wp-json\/wp\/v2\/comments?post=3618"}],"version-history":[{"count":3,"href":"https:\/\/reneramon.cl\/index.php\/wp-json\/wp\/v2\/posts\/3618\/revisions"}],"predecessor-version":[{"id":3623,"href":"https:\/\/reneramon.cl\/index.php\/wp-json\/wp\/v2\/posts\/3618\/revisions\/3623"}],"wp:featuredmedia":[{"embeddable":true,"href":"https:\/\/reneramon.cl\/index.php\/wp-json\/wp\/v2\/media\/1120"}],"wp:attachment":[{"href":"https:\/\/reneramon.cl\/index.php\/wp-json\/wp\/v2\/media?parent=3618"}],"wp:term":[{"taxonomy":"category","embeddable":true,"href":"https:\/\/reneramon.cl\/index.php\/wp-json\/wp\/v2\/categories?post=3618"},{"taxonomy":"post_tag","embeddable":true,"href":"https:\/\/reneramon.cl\/index.php\/wp-json\/wp\/v2\/tags?post=3618"}],"curies":[{"name":"wp","href":"https:\/\/api.w.org\/{rel}","templated":true}]}}