{"id":3626,"date":"2021-12-04T18:58:24","date_gmt":"2021-12-04T18:58:24","guid":{"rendered":"https:\/\/reneramon.cl\/?p=3626"},"modified":"2024-02-02T19:55:53","modified_gmt":"2024-02-02T22:55:53","slug":"mi-posicion-en-vista-de-la-segunda-vuelta-presidencial","status":"publish","type":"post","link":"https:\/\/reneramon.cl\/index.php\/2021\/12\/04\/mi-posicion-en-vista-de-la-segunda-vuelta-presidencial\/","title":{"rendered":"Mi posici\u00f3n en vista de la segunda vuelta presidencial"},"content":{"rendered":"\n<p><\/p>\n\n\n\n<p>            Como dije en los post pasados , vote en primera vuelta por Boric , principalmente porque me parece no ser tan extremo en cuanto a orden en un pa\u00eds que esta pasando una crisis socio econ\u00f3mica.<\/p>\n\n\n\n<p>            No podemos pretender castigar a palos si no somos capaces de dar soluciones reales laborales con sueldos dignos .<\/p>\n\n\n\n<p>           Estoy esperando la respuesta del se\u00f1or Jos\u00e9 Antonio Kast de manera concreta en que se resume su visita a los Estado Unidos de Am\u00e9rica , porque perfectamente pudo ser una t\u00e1ctica o una manera de evitar rechazo en sus campa\u00f1a por el pa\u00eds y es el momento de aclararlo para ver si es una soluci\u00f3n real como presidente.<\/p>\n\n\n\n<p><\/p>\n\n\n\n<p><\/p>\n\n\n\n<p><\/p>\n","protected":false},"excerpt":{"rendered":"<div class=\"mh-excerpt\"><p>Como dije en los post pasados , vote en primera vuelta por Boric , principalmente porque me parece no ser tan extremo en cuanto a <a class=\"mh-excerpt-more\" href=\"https:\/\/reneramon.cl\/index.php\/2021\/12\/04\/mi-posicion-en-vista-de-la-segunda-vuelta-presidencial\/\" title=\"Mi posici\u00f3n en vista de la segunda vuelta presidencial\">[&#8230;]<\/a><\/p>\n<\/div>","protected":false},"author":1,"featured_media":1120,"comment_status":"closed","ping_status":"open","sticky":false,"template":"","format":"standard","meta":{"footnotes":""},"categories":[6],"tags":[],"class_list":["post-3626","post","type-post","status-publish","format-standard","has-post-thumbnail","hentry","category-opiniones"],"_links":{"self":[{"href":"https:\/\/reneramon.cl\/index.php\/wp-json\/wp\/v2\/posts\/3626","targetHints":{"allow":["GET"]}}],"collection":[{"href":"https:\/\/reneramon.cl\/index.php\/wp-json\/wp\/v2\/posts"}],"about":[{"href":"https:\/\/reneramon.cl\/index.php\/wp-json\/wp\/v2\/types\/post"}],"author":[{"embeddable":true,"href":"https:\/\/reneramon.cl\/index.php\/wp-json\/wp\/v2\/users\/1"}],"replies":[{"embeddable":true,"href":"https:\/\/reneramon.cl\/index.php\/wp-json\/wp\/v2\/comments?post=3626"}],"version-history":[{"count":1,"href":"https:\/\/reneramon.cl\/index.php\/wp-json\/wp\/v2\/posts\/3626\/revisions"}],"predecessor-version":[{"id":3627,"href":"https:\/\/reneramon.cl\/index.php\/wp-json\/wp\/v2\/posts\/3626\/revisions\/3627"}],"wp:featuredmedia":[{"embeddable":true,"href":"https:\/\/reneramon.cl\/index.php\/wp-json\/wp\/v2\/media\/1120"}],"wp:attachment":[{"href":"https:\/\/reneramon.cl\/index.php\/wp-json\/wp\/v2\/media?parent=3626"}],"wp:term":[{"taxonomy":"category","embeddable":true,"href":"https:\/\/reneramon.cl\/index.php\/wp-json\/wp\/v2\/categories?post=3626"},{"taxonomy":"post_tag","embeddable":true,"href":"https:\/\/reneramon.cl\/index.php\/wp-json\/wp\/v2\/tags?post=3626"}],"curies":[{"name":"wp","href":"https:\/\/api.w.org\/{rel}","templated":true}]}}