{"id":3659,"date":"2021-12-14T22:43:07","date_gmt":"2021-12-14T22:43:07","guid":{"rendered":"https:\/\/reneramon.cl\/?p=3659"},"modified":"2024-02-02T19:55:53","modified_gmt":"2024-02-02T22:55:53","slug":"aeritalia-escuadron-de-alta-acrobacia-italiano-frecce-tricolori","status":"publish","type":"post","link":"https:\/\/reneramon.cl\/index.php\/2021\/12\/14\/aeritalia-escuadron-de-alta-acrobacia-italiano-frecce-tricolori\/","title":{"rendered":"Aeritalia &#8211; Escuadr\u00f3n de Alta Acrobacia Italiano \u00bb Frecce Tricolori\u00bb"},"content":{"rendered":"\n<p>En la maquina del tiempo , viajamos al pasado para ver el equipo acrob\u00e1tico de Italia .<\/p>\n\n\n\n<p>Los Frecce Tricolori, oficialmente conocidos como 313\u00b0 Gruppo Addestramento Acrobatico o Pattuglia Acrobatica Nazionale Frecce Tricolori, son el escuadr\u00f3n de vuelo acrob\u00e1tico de la Fuerza A\u00e9rea Italiana. Tienen su sede en la Base A\u00e9rea de Rivolto, en la regi\u00f3n noreste italiana de Friuli Venezia Giulia, Udine<\/p>\n\n\n\n<figure class=\"wp-block-image size-large\"><img loading=\"lazy\" decoding=\"async\" width=\"1024\" height=\"541\" src=\"https:\/\/reneramon.cl\/wp-content\/uploads\/2021\/12\/01italia-1024x541.jpg\" alt=\"\" class=\"wp-image-3660\" srcset=\"https:\/\/reneramon.cl\/wp-content\/uploads\/2021\/12\/01italia-1024x541.jpg 1024w, https:\/\/reneramon.cl\/wp-content\/uploads\/2021\/12\/01italia-300x159.jpg 300w, https:\/\/reneramon.cl\/wp-content\/uploads\/2021\/12\/01italia-768x406.jpg 768w, https:\/\/reneramon.cl\/wp-content\/uploads\/2021\/12\/01italia-1536x812.jpg 1536w, https:\/\/reneramon.cl\/wp-content\/uploads\/2021\/12\/01italia.jpg 1885w\" sizes=\"auto, (max-width: 1024px) 100vw, 1024px\" \/><\/figure>\n\n\n\n<figure class=\"wp-block-image size-large\"><img loading=\"lazy\" decoding=\"async\" width=\"1024\" height=\"922\" src=\"https:\/\/reneramon.cl\/wp-content\/uploads\/2021\/12\/02italia-1024x922.jpg\" alt=\"\" class=\"wp-image-3661\" srcset=\"https:\/\/reneramon.cl\/wp-content\/uploads\/2021\/12\/02italia-1024x922.jpg 1024w, https:\/\/reneramon.cl\/wp-content\/uploads\/2021\/12\/02italia-300x270.jpg 300w, https:\/\/reneramon.cl\/wp-content\/uploads\/2021\/12\/02italia-768x692.jpg 768w, https:\/\/reneramon.cl\/wp-content\/uploads\/2021\/12\/02italia.jpg 1361w\" sizes=\"auto, (max-width: 1024px) 100vw, 1024px\" \/><\/figure>\n","protected":false},"excerpt":{"rendered":"<div class=\"mh-excerpt\"><p>En la maquina del tiempo , viajamos al pasado para ver el equipo acrob\u00e1tico de Italia . Los Frecce Tricolori, oficialmente conocidos como 313\u00b0 Gruppo <a class=\"mh-excerpt-more\" href=\"https:\/\/reneramon.cl\/index.php\/2021\/12\/14\/aeritalia-escuadron-de-alta-acrobacia-italiano-frecce-tricolori\/\" title=\"Aeritalia &#8211; Escuadr\u00f3n de Alta Acrobacia Italiano \u00bb Frecce Tricolori\u00bb\">[&#8230;]<\/a><\/p>\n<\/div>","protected":false},"author":1,"featured_media":2385,"comment_status":"closed","ping_status":"open","sticky":false,"template":"","format":"standard","meta":{"footnotes":""},"categories":[30],"tags":[],"class_list":["post-3659","post","type-post","status-publish","format-standard","has-post-thumbnail","hentry","category-la-maquina-del-tiempo"],"_links":{"self":[{"href":"https:\/\/reneramon.cl\/index.php\/wp-json\/wp\/v2\/posts\/3659","targetHints":{"allow":["GET"]}}],"collection":[{"href":"https:\/\/reneramon.cl\/index.php\/wp-json\/wp\/v2\/posts"}],"about":[{"href":"https:\/\/reneramon.cl\/index.php\/wp-json\/wp\/v2\/types\/post"}],"author":[{"embeddable":true,"href":"https:\/\/reneramon.cl\/index.php\/wp-json\/wp\/v2\/users\/1"}],"replies":[{"embeddable":true,"href":"https:\/\/reneramon.cl\/index.php\/wp-json\/wp\/v2\/comments?post=3659"}],"version-history":[{"count":1,"href":"https:\/\/reneramon.cl\/index.php\/wp-json\/wp\/v2\/posts\/3659\/revisions"}],"predecessor-version":[{"id":3662,"href":"https:\/\/reneramon.cl\/index.php\/wp-json\/wp\/v2\/posts\/3659\/revisions\/3662"}],"wp:featuredmedia":[{"embeddable":true,"href":"https:\/\/reneramon.cl\/index.php\/wp-json\/wp\/v2\/media\/2385"}],"wp:attachment":[{"href":"https:\/\/reneramon.cl\/index.php\/wp-json\/wp\/v2\/media?parent=3659"}],"wp:term":[{"taxonomy":"category","embeddable":true,"href":"https:\/\/reneramon.cl\/index.php\/wp-json\/wp\/v2\/categories?post=3659"},{"taxonomy":"post_tag","embeddable":true,"href":"https:\/\/reneramon.cl\/index.php\/wp-json\/wp\/v2\/tags?post=3659"}],"curies":[{"name":"wp","href":"https:\/\/api.w.org\/{rel}","templated":true}]}}