{"id":3687,"date":"2021-12-24T22:22:56","date_gmt":"2021-12-24T22:22:56","guid":{"rendered":"https:\/\/reneramon.cl\/?p=3687"},"modified":"2024-02-02T19:55:53","modified_gmt":"2024-02-02T22:55:53","slug":"el-2022-el-ano-en-que-llovera-mucho-en-la-cordillera","status":"publish","type":"post","link":"https:\/\/reneramon.cl\/index.php\/2021\/12\/24\/el-2022-el-ano-en-que-llovera-mucho-en-la-cordillera\/","title":{"rendered":"El 2022 el a\u00f1o en que Llover\u00e1 mucho en la cordillera"},"content":{"rendered":"\n<figure class=\"wp-block-embed is-type-video is-provider-youtube wp-block-embed-youtube wp-embed-aspect-16-9 wp-has-aspect-ratio\"><div class=\"wp-block-embed__wrapper\">\n<iframe loading=\"lazy\" title=\"MANTRA COSMICO - VA A LLOVER EN LA CORDILLERA\" width=\"500\" height=\"281\" src=\"https:\/\/www.youtube.com\/embed\/B-MBSP-ZuXg?feature=oembed\" frameborder=\"0\" allow=\"accelerometer; autoplay; clipboard-write; encrypted-media; gyroscope; picture-in-picture; web-share\" referrerpolicy=\"strict-origin-when-cross-origin\" allowfullscreen><\/iframe>\n<\/div><\/figure>\n\n\n\n<p><\/p>\n\n\n\n<p>Algo&nbsp;dentro&nbsp;de&nbsp;m\u00ed&nbsp;dice&nbsp;que&nbsp;va&nbsp;a&nbsp;llover&nbsp;mucho&nbsp;en&nbsp;La&nbsp;cordillera&nbsp;con&nbsp;humildad&nbsp;me&nbsp;encomiendo&nbsp;los&nbsp;dioses&nbsp;a&nbsp;los&nbsp;hermanos&nbsp;mayores&nbsp;qu\u00e9&nbsp;nos&nbsp;est\u00e1n&nbsp;vigilando&nbsp;desde&nbsp;esta&nbsp;dimensi\u00f3n&nbsp;y&nbsp;desde&nbsp;otras&nbsp;dimensiones.<\/p>\n\n\n\n<p>Algo&nbsp;dentro&nbsp;de&nbsp;m\u00ed&nbsp;me&nbsp;hace&nbsp;darle&nbsp;gracias&nbsp;al&nbsp;dios&nbsp;Zeus&nbsp;Dios&nbsp;del&nbsp;tiempo&nbsp;y&nbsp;del&nbsp;cielo.<\/p>\n\n\n\n<p>En&nbsp;base&nbsp;a&nbsp;esto&nbsp;he&nbsp;compuesto&nbsp;un&nbsp;mantra.<\/p>\n\n\n\n<p>Algo&nbsp;dentro&nbsp;de&nbsp;m\u00ed&nbsp;tambi\u00e9n&nbsp;dice&nbsp;qu\u00e9&nbsp;pueden&nbsp;haber&nbsp;inundaciones.<\/p>\n\n\n\n<p>Con&nbsp;humildad&nbsp;doy&nbsp;gracias&nbsp;a&nbsp;los&nbsp;hermanos&nbsp;mayores&nbsp;y&nbsp;tengo&nbsp;fe&nbsp;qu\u00e9&nbsp;as\u00ed&nbsp;ocurrir\u00e1.<\/p>\n\n\n\n<p>Cuidemos&nbsp;el&nbsp;agua&nbsp;por&nbsp;qu\u00e9&nbsp;esta&nbsp;bendici\u00f3n&nbsp;no&nbsp;es&nbsp;solo&nbsp;para&nbsp;nosotros&nbsp;sino&nbsp;para&nbsp;nuestra&nbsp;madre&nbsp;tierra&nbsp;est\u00e1&nbsp;sufriendo&nbsp;mucho&nbsp;por&nbsp;el&nbsp;calentamiento&nbsp;global&nbsp;a&nbsp;cuidar&nbsp;nuestros&nbsp;bosques&nbsp;nuestra&nbsp;flora&nbsp;y&nbsp;fauna.<\/p>\n\n\n\n<p>Algo&nbsp;dentro&nbsp;de&nbsp;m\u00ed&nbsp;dice&nbsp;tambi\u00e9n&nbsp;con&nbsp;humildad&nbsp;que&nbsp;lo&nbsp;pida&nbsp;por&nbsp;la&nbsp;gente.<\/p>\n\n\n\n<figure class=\"wp-block-embed is-type-video is-provider-youtube wp-block-embed-youtube wp-embed-aspect-16-9 wp-has-aspect-ratio\"><div class=\"wp-block-embed__wrapper\">\n<iframe loading=\"lazy\" title=\"@A. R. Rahman - Ghanan Ghanan|Lyric Video|Lagaan|Aamir Khan|Udit Narayan|Sukhwinder\" width=\"500\" height=\"281\" src=\"https:\/\/www.youtube.com\/embed\/lY05OSEFRoY?feature=oembed\" frameborder=\"0\" allow=\"accelerometer; autoplay; clipboard-write; encrypted-media; gyroscope; picture-in-picture; web-share\" referrerpolicy=\"strict-origin-when-cross-origin\" allowfullscreen><\/iframe>\n<\/div><\/figure>\n\n\n\n<p><\/p>\n","protected":false},"excerpt":{"rendered":"<div class=\"mh-excerpt\"><p>Algo&nbsp;dentro&nbsp;de&nbsp;m\u00ed&nbsp;dice&nbsp;que&nbsp;va&nbsp;a&nbsp;llover&nbsp;mucho&nbsp;en&nbsp;La&nbsp;cordillera&nbsp;con&nbsp;humildad&nbsp;me&nbsp;encomiendo&nbsp;los&nbsp;dioses&nbsp;a&nbsp;los&nbsp;hermanos&nbsp;mayores&nbsp;qu\u00e9&nbsp;nos&nbsp;est\u00e1n&nbsp;vigilando&nbsp;desde&nbsp;esta&nbsp;dimensi\u00f3n&nbsp;y&nbsp;desde&nbsp;otras&nbsp;dimensiones. Algo&nbsp;dentro&nbsp;de&nbsp;m\u00ed&nbsp;me&nbsp;hace&nbsp;darle&nbsp;gracias&nbsp;al&nbsp;dios&nbsp;Zeus&nbsp;Dios&nbsp;del&nbsp;tiempo&nbsp;y&nbsp;del&nbsp;cielo. En&nbsp;base&nbsp;a&nbsp;esto&nbsp;he&nbsp;compuesto&nbsp;un&nbsp;mantra. Algo&nbsp;dentro&nbsp;de&nbsp;m\u00ed&nbsp;tambi\u00e9n&nbsp;dice&nbsp;qu\u00e9&nbsp;pueden&nbsp;haber&nbsp;inundaciones. Con&nbsp;humildad&nbsp;doy&nbsp;gracias&nbsp;a&nbsp;los&nbsp;hermanos&nbsp;mayores&nbsp;y&nbsp;tengo&nbsp;fe&nbsp;qu\u00e9&nbsp;as\u00ed&nbsp;ocurrir\u00e1. Cuidemos&nbsp;el&nbsp;agua&nbsp;por&nbsp;qu\u00e9&nbsp;esta&nbsp;bendici\u00f3n&nbsp;no&nbsp;es&nbsp;solo&nbsp;para&nbsp;nosotros&nbsp;sino&nbsp;para&nbsp;nuestra&nbsp;madre&nbsp;tierra&nbsp;est\u00e1&nbsp;sufriendo&nbsp;mucho&nbsp;por&nbsp;el&nbsp;calentamiento&nbsp;global&nbsp;a&nbsp;cuidar&nbsp;nuestros&nbsp;bosques&nbsp;nuestra&nbsp;flora&nbsp;y&nbsp;fauna. Algo&nbsp;dentro&nbsp;de&nbsp;m\u00ed&nbsp;dice&nbsp;tambi\u00e9n&nbsp;con&nbsp;humildad&nbsp;que&nbsp;lo&nbsp;pida&nbsp;por&nbsp;la&nbsp;gente.<\/p>\n<\/div>","protected":false},"author":1,"featured_media":7,"comment_status":"closed","ping_status":"open","sticky":false,"template":"","format":"standard","meta":{"footnotes":""},"categories":[14,6,9],"tags":[],"class_list":["post-3687","post","type-post","status-publish","format-standard","has-post-thumbnail","hentry","category-mis-creaciones","category-opiniones","category-videoclips"],"_links":{"self":[{"href":"https:\/\/reneramon.cl\/index.php\/wp-json\/wp\/v2\/posts\/3687","targetHints":{"allow":["GET"]}}],"collection":[{"href":"https:\/\/reneramon.cl\/index.php\/wp-json\/wp\/v2\/posts"}],"about":[{"href":"https:\/\/reneramon.cl\/index.php\/wp-json\/wp\/v2\/types\/post"}],"author":[{"embeddable":true,"href":"https:\/\/reneramon.cl\/index.php\/wp-json\/wp\/v2\/users\/1"}],"replies":[{"embeddable":true,"href":"https:\/\/reneramon.cl\/index.php\/wp-json\/wp\/v2\/comments?post=3687"}],"version-history":[{"count":2,"href":"https:\/\/reneramon.cl\/index.php\/wp-json\/wp\/v2\/posts\/3687\/revisions"}],"predecessor-version":[{"id":3691,"href":"https:\/\/reneramon.cl\/index.php\/wp-json\/wp\/v2\/posts\/3687\/revisions\/3691"}],"wp:featuredmedia":[{"embeddable":true,"href":"https:\/\/reneramon.cl\/index.php\/wp-json\/wp\/v2\/media\/7"}],"wp:attachment":[{"href":"https:\/\/reneramon.cl\/index.php\/wp-json\/wp\/v2\/media?parent=3687"}],"wp:term":[{"taxonomy":"category","embeddable":true,"href":"https:\/\/reneramon.cl\/index.php\/wp-json\/wp\/v2\/categories?post=3687"},{"taxonomy":"post_tag","embeddable":true,"href":"https:\/\/reneramon.cl\/index.php\/wp-json\/wp\/v2\/tags?post=3687"}],"curies":[{"name":"wp","href":"https:\/\/api.w.org\/{rel}","templated":true}]}}