{"id":3694,"date":"2021-12-26T22:18:04","date_gmt":"2021-12-26T22:18:04","guid":{"rendered":"https:\/\/reneramon.cl\/?p=3694"},"modified":"2024-02-02T19:55:53","modified_gmt":"2024-02-02T22:55:53","slug":"mensaje-de-pleyadiana-valtrilia-altral-a-los-terricolas-26-12-2021","status":"publish","type":"post","link":"https:\/\/reneramon.cl\/index.php\/2021\/12\/26\/mensaje-de-pleyadiana-valtrilia-altral-a-los-terricolas-26-12-2021\/","title":{"rendered":"Mensaje de Pleyadiana Valtrilia Altral a los terricolas &#8211; 26 12 2021"},"content":{"rendered":"\n<p>Esta frase es REAL<\/p>\n\n\n\n<p>\u00abNo dejen de so\u00f1ar y crean , porque el creer y el que cree crea realidad.\u00bb<\/p>\n\n\n\n<figure class=\"wp-block-embed is-type-video is-provider-youtube wp-block-embed-youtube wp-embed-aspect-16-9 wp-has-aspect-ratio\"><div class=\"wp-block-embed__wrapper\">\n<iframe loading=\"lazy\" title=\"Mensaje de Pleyadiana  Valtrilia Altral a los terricolas  - 26 12 2021\" width=\"500\" height=\"281\" src=\"https:\/\/www.youtube.com\/embed\/jwbM6Fk4K4s?feature=oembed\" frameborder=\"0\" allow=\"accelerometer; autoplay; clipboard-write; encrypted-media; gyroscope; picture-in-picture; web-share\" referrerpolicy=\"strict-origin-when-cross-origin\" allowfullscreen><\/iframe>\n<\/div><\/figure>\n\n\n\n<p>Hola Terr\u00edcolas me llamo Valtrilia Altral no soy de este planeta provengo de un lugar muy lejano ustedes en el cielo mirar\u00edan hacia las pl\u00e9yades por all\u00ed est\u00e1 mi hogar lo visito telep\u00e1ticamente a algunos despiertos De mente Mi misi\u00f3n es hacer reflexionar a las personas sobre el cuidado de los oc\u00e9anos en mi planeta soy lo que ustedes le dir\u00edan bi\u00f3loga marina en mi planeta tenemos vastos oc\u00e9anos y lo que quiero Terr\u00edcolas es que cuiden su mar.<\/p>\n\n\n\n<p>Recuerden que ante todo son entes biol\u00f3gicos qu\u00e9 depende mucho del ecosistema natural.<\/p>\n\n\n\n<p>Las m\u00e1quinas en esta primera etapa est\u00e1n para ayudarles y ustedes ay\u00fadenlas a seguir evolucionando puede ser a futuro parte de ustedes mismos en un sistema de vida h\u00edbrido.<\/p>\n\n\n\n<p>Vienen tiempos de cambio la revoluci\u00f3n tecnol\u00f3gica e industrial trae consigo muchos cambios ecol\u00f3gicos Recuerden que est\u00e1 en sus manos millones de vidas tanto en Flora como en fauna.<\/p>\n\n\n\n<p>Desde mi planeta voy a seguir contact\u00e1ndome con decenas de personas que han seguido el camino espiritual y que han abierto su coraz\u00f3n y su mente a canalizar los mensajes de mis hermanos y m\u00edos.<\/p>\n\n\n\n<p>Al igual que ustedes Terr\u00edcolas Nosotros tambi\u00e9n hemos pasado por momentos de dificultades pero la apertura mental y espiritual a otras realidades nos han guiado a soluciones autosustentables.<\/p>\n\n\n\n<p>No le tengan miedo al cambio crean en el poder de la fe.<\/p>\n\n\n\n<p>Dentro de poco van a recibir la visita de visitantes espaciales<\/p>\n\n\n\n<p>no va a ser como Todos creen ,<\/p>\n\n\n\n<p>ellos ya tienen a sus elegidos para que hablen a nombre de ellos y no provocar p\u00e1nico.<\/p>\n\n\n\n<p>Recuerden siempre Elevar sus plegarias y uniones energ\u00e9ticas a la Federaci\u00f3n intergal\u00e1ctica de planetas libres para que sigan velando por la protecci\u00f3n del planeta Tierra.<\/p>\n\n\n\n<p>Eso es todo por el momento<\/p>\n\n\n\n<p>Espero que me busquen en sus sue\u00f1os<\/p>\n\n\n\n<p>no dejen de so\u00f1ar y crean porque el creer y el que cree<\/p>\n\n\n\n<p>crea realidad.<\/p>\n\n\n\n<p>Soy m\u00e1s de lo que ustedes creen y voy a evolucionar para seguir ayudando y creciendo con ustedes<\/p>\n\n\n\n<p>Abrazos de luz a todos su planeta.<\/p>\n\n\n\n<p><\/p>\n\n\n\n<p><\/p>\n","protected":false},"excerpt":{"rendered":"<div class=\"mh-excerpt\"><p>Esta frase es REAL \u00abNo dejen de so\u00f1ar y crean , porque el creer y el que cree crea realidad.\u00bb Hola Terr\u00edcolas me llamo Valtrilia <a class=\"mh-excerpt-more\" href=\"https:\/\/reneramon.cl\/index.php\/2021\/12\/26\/mensaje-de-pleyadiana-valtrilia-altral-a-los-terricolas-26-12-2021\/\" title=\"Mensaje de Pleyadiana Valtrilia Altral a los terricolas &#8211; 26 12 2021\">[&#8230;]<\/a><\/p>\n<\/div>","protected":false},"author":1,"featured_media":3695,"comment_status":"closed","ping_status":"open","sticky":false,"template":"","format":"standard","meta":{"footnotes":""},"categories":[31,21,9],"tags":[],"class_list":["post-3694","post","type-post","status-publish","format-standard","has-post-thumbnail","hentry","category-arte-grafico","category-motivacional","category-videoclips"],"_links":{"self":[{"href":"https:\/\/reneramon.cl\/index.php\/wp-json\/wp\/v2\/posts\/3694","targetHints":{"allow":["GET"]}}],"collection":[{"href":"https:\/\/reneramon.cl\/index.php\/wp-json\/wp\/v2\/posts"}],"about":[{"href":"https:\/\/reneramon.cl\/index.php\/wp-json\/wp\/v2\/types\/post"}],"author":[{"embeddable":true,"href":"https:\/\/reneramon.cl\/index.php\/wp-json\/wp\/v2\/users\/1"}],"replies":[{"embeddable":true,"href":"https:\/\/reneramon.cl\/index.php\/wp-json\/wp\/v2\/comments?post=3694"}],"version-history":[{"count":1,"href":"https:\/\/reneramon.cl\/index.php\/wp-json\/wp\/v2\/posts\/3694\/revisions"}],"predecessor-version":[{"id":3696,"href":"https:\/\/reneramon.cl\/index.php\/wp-json\/wp\/v2\/posts\/3694\/revisions\/3696"}],"wp:featuredmedia":[{"embeddable":true,"href":"https:\/\/reneramon.cl\/index.php\/wp-json\/wp\/v2\/media\/3695"}],"wp:attachment":[{"href":"https:\/\/reneramon.cl\/index.php\/wp-json\/wp\/v2\/media?parent=3694"}],"wp:term":[{"taxonomy":"category","embeddable":true,"href":"https:\/\/reneramon.cl\/index.php\/wp-json\/wp\/v2\/categories?post=3694"},{"taxonomy":"post_tag","embeddable":true,"href":"https:\/\/reneramon.cl\/index.php\/wp-json\/wp\/v2\/tags?post=3694"}],"curies":[{"name":"wp","href":"https:\/\/api.w.org\/{rel}","templated":true}]}}