{"id":3714,"date":"2021-12-30T15:42:36","date_gmt":"2021-12-30T15:42:36","guid":{"rendered":"https:\/\/reneramon.cl\/?p=3714"},"modified":"2024-02-02T19:55:53","modified_gmt":"2024-02-02T22:55:53","slug":"no-encuentro-trabajo-optar-por-pension-basica-solidaria-o-asilo-politico","status":"publish","type":"post","link":"https:\/\/reneramon.cl\/index.php\/2021\/12\/30\/no-encuentro-trabajo-optar-por-pension-basica-solidaria-o-asilo-politico\/","title":{"rendered":"No encuentro trabajo optar por pensi\u00f3n b\u00e1sica solidaria o asilo pol\u00edtico??"},"content":{"rendered":"\n<ul class=\"wp-block-list\"><li><\/li><\/ul>\n\n\n\n<p><\/p>\n\n\n\n<p>Les cuento mi situaci\u00f3n hace m\u00e1s de 2 meses que estoy buscando trabajo y no aparece nada recuerdan que les coment\u00e9 qu\u00e9 en la universidad Pedro de Valdivia sufr\u00ed bullying y Por ese motivo tuve que irme de esa instituci\u00f3n lo qu\u00e9 signific\u00f3 perder mis a\u00f1os de estudio.<\/p>\n\n\n\n<p>Ahora estoy por retomar nuevamente los estudios por ello rend\u00ed la p t u.<\/p>\n\n\n\n<p>El problema es el siguiente camarada.<\/p>\n\n\n\n<p>No encuentro trabajo veo que existe privilegios por contratar extranjeros m\u00e1s que connacionales mi situaci\u00f3n econ\u00f3mica no es buena.<\/p>\n\n\n\n<p>Entonces la \u00fanica salida que me queda es optar alguna pensi\u00f3n b\u00e1sica por Salud Mental C\u00f3mo sufrir un grado de autismo.<\/p>\n\n\n\n<p>En Chile Cu\u00e1ndo se quiere se cierra las puertas lo hacen asi.<\/p>\n\n\n\n<p>La otra opci\u00f3n es tratar de emigrar del pa\u00eds por lo que me hicieron.<\/p>\n\n\n\n<p>Ni siquiera calific\u00f3 para hacer aseo en alg\u00fan lado siendo qu\u00e9 Tengo estudios universitarios incompletos.<\/p>\n\n\n\n<p>No tengo familia para que me ayuden con mis gastos pero lo que est\u00e1 ocurriendo en Chile no tiene nombre ,para que ser chileno si la prioridad la tiene el cobra menos o sencillamente no dan la oportunidad.<\/p>\n\n\n\n<p>C\u00f3mo ven participar en foros puede tener un costo As\u00ed lo veo yo.<\/p>\n\n\n\n<p>Ahora me gustar\u00eda saber Qu\u00e9 es mejor tratar de tramitar un asilo pol\u00edtico por ser objeto de discriminaci\u00f3n laboral o una pensi\u00f3n b\u00e1sica solidaria.<\/p>\n\n\n\n<p>Por cierto este escrito lo hice con el micr\u00f3fono<br><\/p>\n\n\n\n<p>hasta un delincuente tiene mas posibilidades de reinserci\u00f3n laboral.<\/p>\n","protected":false},"excerpt":{"rendered":"<div class=\"mh-excerpt\"><p>Les cuento mi situaci\u00f3n hace m\u00e1s de 2 meses que estoy buscando trabajo y no aparece nada recuerdan que les coment\u00e9 qu\u00e9 en la universidad <a class=\"mh-excerpt-more\" href=\"https:\/\/reneramon.cl\/index.php\/2021\/12\/30\/no-encuentro-trabajo-optar-por-pension-basica-solidaria-o-asilo-politico\/\" title=\"No encuentro trabajo optar por pensi\u00f3n b\u00e1sica solidaria o asilo pol\u00edtico??\">[&#8230;]<\/a><\/p>\n<\/div>","protected":false},"author":1,"featured_media":90,"comment_status":"closed","ping_status":"open","sticky":false,"template":"","format":"standard","meta":{"footnotes":""},"categories":[6],"tags":[],"class_list":["post-3714","post","type-post","status-publish","format-standard","has-post-thumbnail","hentry","category-opiniones"],"_links":{"self":[{"href":"https:\/\/reneramon.cl\/index.php\/wp-json\/wp\/v2\/posts\/3714","targetHints":{"allow":["GET"]}}],"collection":[{"href":"https:\/\/reneramon.cl\/index.php\/wp-json\/wp\/v2\/posts"}],"about":[{"href":"https:\/\/reneramon.cl\/index.php\/wp-json\/wp\/v2\/types\/post"}],"author":[{"embeddable":true,"href":"https:\/\/reneramon.cl\/index.php\/wp-json\/wp\/v2\/users\/1"}],"replies":[{"embeddable":true,"href":"https:\/\/reneramon.cl\/index.php\/wp-json\/wp\/v2\/comments?post=3714"}],"version-history":[{"count":1,"href":"https:\/\/reneramon.cl\/index.php\/wp-json\/wp\/v2\/posts\/3714\/revisions"}],"predecessor-version":[{"id":3715,"href":"https:\/\/reneramon.cl\/index.php\/wp-json\/wp\/v2\/posts\/3714\/revisions\/3715"}],"wp:featuredmedia":[{"embeddable":true,"href":"https:\/\/reneramon.cl\/index.php\/wp-json\/wp\/v2\/media\/90"}],"wp:attachment":[{"href":"https:\/\/reneramon.cl\/index.php\/wp-json\/wp\/v2\/media?parent=3714"}],"wp:term":[{"taxonomy":"category","embeddable":true,"href":"https:\/\/reneramon.cl\/index.php\/wp-json\/wp\/v2\/categories?post=3714"},{"taxonomy":"post_tag","embeddable":true,"href":"https:\/\/reneramon.cl\/index.php\/wp-json\/wp\/v2\/tags?post=3714"}],"curies":[{"name":"wp","href":"https:\/\/api.w.org\/{rel}","templated":true}]}}