{"id":3754,"date":"2022-01-27T17:40:28","date_gmt":"2022-01-27T17:40:28","guid":{"rendered":"https:\/\/reneramon.cl\/?p=3754"},"modified":"2024-02-02T19:55:52","modified_gmt":"2024-02-02T22:55:52","slug":"que-grandes-aportes-han-hecho-los-croatas-o-yugoslavos-al-mundo","status":"publish","type":"post","link":"https:\/\/reneramon.cl\/index.php\/2022\/01\/27\/que-grandes-aportes-han-hecho-los-croatas-o-yugoslavos-al-mundo\/","title":{"rendered":"Qu\u00e9 grandes aportes han hecho los croatas o ex-yugoslavos al mundo?"},"content":{"rendered":"\n<ul class=\"wp-block-list\"><li><\/li><\/ul>\n\n\n\n<p><\/p>\n\n\n\n<p>Me siento ignorante cuando se habla de croatas y yugoslavos est\u00e1 reflexi\u00f3n viene porque Dentro de poco vamos a tener un presidente con esta sangre a diferencia de alemanes ingleses los croatas Qu\u00e9 gran aporte han hecho al mundo?<\/p>\n\n\n\n<p>En Magallanes tenemos un historiador de ese origen qu\u00e9 se ha encargado de levantar el aporte croata o yugoslavo a la regi\u00f3n&#8230;<\/p>\n\n\n\n<p>En mi Modesta opini\u00f3n creo que se infla un poco porque el gran capital y la maquinaria vino de Inglaterra.<\/p>\n\n\n\n<p>El aporte croata Es mas mano de obra qu\u00e9 capital C\u00f3mo la chilota.<\/p>\n\n\n\n<p>Pero hablando ahora en t\u00e9rmino globalizado Qu\u00e9 gran aporte han hecho los croatas o ex yugoslavos al mundo??<\/p>\n\n\n\n<p>Quiz\u00e1s El Gran aporte qu\u00e9 se me viene a la mente es Tesla.<br>Pero quienes m\u00e1s?<\/p>\n\n\n\n<p>Me olvidaba de la muerte del archiduque Francisco Fernando en Bosnia me parece ex yugoslavia de origen austroh\u00fangaro entonces viene a la mente una comparaci\u00f3n con Jos\u00e9 Antonio kast en cu\u00e1nto a su origen alem\u00e1n.<\/p>\n\n\n\n<p>Entonces viene la comparaci\u00f3n de c\u00f3mo estas dos sangres se mezclan que originaron la Primera Guerra Mundial y como estas dos sangres nuevamente se mezclan en el futuro pol\u00edtico de Chile<\/p>\n\n\n\n<p>Qu\u00e9 opinas t\u00fa en cu\u00e1nto al aporte croata al mundo o ex yugoslavo<\/p>\n\n\n\n<p><\/p>\n\n\n\n<p>Otro aporte al post que me viene a la mente es como la vida nos daba C\u00f3mo otra alternativa izquierdista a Daniel jadue cuyo el origen de su apellido es \u00e1rabe es casualidad?<\/p>\n\n\n\n<p><\/p>\n\n\n\n<p>Y si vemos que la otra candidata de la izquierda era yasna provoste apellido de origen franc\u00e9s C\u00f3mo sospechosa la cosa.<\/p>\n\n\n\n<p><\/p>\n\n\n\n<p>como vemos , por apellidos el futuro de Chile estaba premarcado por el conflicto o choque con los grupos de poder &#8230;<\/p>\n\n\n\n<p>veremos si eso ocurre&#8230;<\/p>\n","protected":false},"excerpt":{"rendered":"<div class=\"mh-excerpt\"><p>Me siento ignorante cuando se habla de croatas y yugoslavos est\u00e1 reflexi\u00f3n viene porque Dentro de poco vamos a tener un presidente con esta sangre <a class=\"mh-excerpt-more\" href=\"https:\/\/reneramon.cl\/index.php\/2022\/01\/27\/que-grandes-aportes-han-hecho-los-croatas-o-yugoslavos-al-mundo\/\" title=\"Qu\u00e9 grandes aportes han hecho los croatas o ex-yugoslavos al mundo?\">[&#8230;]<\/a><\/p>\n<\/div>","protected":false},"author":1,"featured_media":1120,"comment_status":"closed","ping_status":"open","sticky":false,"template":"","format":"standard","meta":{"footnotes":""},"categories":[6],"tags":[],"class_list":["post-3754","post","type-post","status-publish","format-standard","has-post-thumbnail","hentry","category-opiniones"],"_links":{"self":[{"href":"https:\/\/reneramon.cl\/index.php\/wp-json\/wp\/v2\/posts\/3754","targetHints":{"allow":["GET"]}}],"collection":[{"href":"https:\/\/reneramon.cl\/index.php\/wp-json\/wp\/v2\/posts"}],"about":[{"href":"https:\/\/reneramon.cl\/index.php\/wp-json\/wp\/v2\/types\/post"}],"author":[{"embeddable":true,"href":"https:\/\/reneramon.cl\/index.php\/wp-json\/wp\/v2\/users\/1"}],"replies":[{"embeddable":true,"href":"https:\/\/reneramon.cl\/index.php\/wp-json\/wp\/v2\/comments?post=3754"}],"version-history":[{"count":3,"href":"https:\/\/reneramon.cl\/index.php\/wp-json\/wp\/v2\/posts\/3754\/revisions"}],"predecessor-version":[{"id":3757,"href":"https:\/\/reneramon.cl\/index.php\/wp-json\/wp\/v2\/posts\/3754\/revisions\/3757"}],"wp:featuredmedia":[{"embeddable":true,"href":"https:\/\/reneramon.cl\/index.php\/wp-json\/wp\/v2\/media\/1120"}],"wp:attachment":[{"href":"https:\/\/reneramon.cl\/index.php\/wp-json\/wp\/v2\/media?parent=3754"}],"wp:term":[{"taxonomy":"category","embeddable":true,"href":"https:\/\/reneramon.cl\/index.php\/wp-json\/wp\/v2\/categories?post=3754"},{"taxonomy":"post_tag","embeddable":true,"href":"https:\/\/reneramon.cl\/index.php\/wp-json\/wp\/v2\/tags?post=3754"}],"curies":[{"name":"wp","href":"https:\/\/api.w.org\/{rel}","templated":true}]}}