{"id":3786,"date":"2022-02-04T05:14:09","date_gmt":"2022-02-04T05:14:09","guid":{"rendered":"https:\/\/reneramon.cl\/?p=3786"},"modified":"2024-02-02T19:55:52","modified_gmt":"2024-02-02T22:55:52","slug":"nasa-retirara-la-estacion-internacional-espacial-y-la-estrellara-en-el-oceano-a-la-altura-de-chile","status":"publish","type":"post","link":"https:\/\/reneramon.cl\/index.php\/2022\/02\/04\/nasa-retirara-la-estacion-internacional-espacial-y-la-estrellara-en-el-oceano-a-la-altura-de-chile\/","title":{"rendered":"NASA retirar\u00e1 la Estaci\u00f3n Internacional Espacial y la estrellar\u00e1 en el oc\u00e9ano a la altura de Chile"},"content":{"rendered":"\n<p><strong>NASA retirar\u00e1 la Estaci\u00f3n Internacional Espacial y la estrellar\u00e1 en el oc\u00e9ano a la altura de Chile<\/strong><\/p>\n\n\n\n<p>La Estaci\u00f3n Espacial Internacional (ISS por sus siglas en ingl\u00e9s), finalizar\u00e1 su trabajo en 2030 y posteriormente se estrellar\u00e1 en el Oc\u00e9ano Pac\u00edfico en el denominado Punto Nemo. Seg\u00fan inform\u00f3 la NASA este se sustituir\u00e1 por una estaci\u00f3n espacial comercial.<\/p>\n\n\n\n<p>La Administraci\u00f3n Nacional de Aeron\u00e1utica y el Espacio (NASA) afirm\u00f3 que la Estaci\u00f3n Internacional Espacial ser\u00e1 dada de baja y se estrellar\u00e1 en el Oc\u00e9ano Pac\u00edfico en 2031 en el Punto Nemo, ubicado entre Chile y Nueva Zelanda,&nbsp;<a href=\"http:\/\/chrome-extension\/\/efaidnbmnnnibpcajpcglclefindmkaj\/viewer.html?pdfurl=https%3A%2F%2Fwww.nasa.gov%2Fsites%2Fdefault%2Ffiles%2Fatoms%2Ffiles%2F2022_iss_transition_report-final_tagged.pdf&amp;clen=6149556&amp;chunk=true\" target=\"_blank\" rel=\"noreferrer noopener\">seg\u00fan informe<\/a>.<\/p>\n\n\n\n<p>La Estaci\u00f3n Internacional Espacial lleva 23 a\u00f1os en \u00f3rbita y desde la&nbsp;<a href=\"https:\/\/www.nasa.gov\/feature\/nasa-provides-updated-international-space-station-transition-plan\" target=\"_blank\" rel=\"noreferrer noopener\">NASA<\/a>&nbsp;detallan que \u201ces un laboratorio \u00fanico que est\u00e1 entregando enormes avances cient\u00edficos, educativos y tecnol\u00f3gicos beneficiosos para la humanidad\u201d.<\/p>\n\n\n\n<p>Este ha orbitado 227 millas n\u00e1uticas (unos 420 kil\u00f3metros) por encima de la Tierra con m\u00e1s de 200 astronautas de 19 pa\u00edses diferentes que han estado a bordo, consign\u00f3&nbsp;<a href=\"https:\/\/cnnespanol.cnn.com\/2022\/02\/02\/estacion-espacial-internacional-retiro-2031-trax\/\" target=\"_blank\" rel=\"noreferrer noopener\">CNN<\/a>.<\/p>\n\n\n\n<p><strong>Punto Nemo<\/strong><\/p>\n\n\n\n<figure class=\"wp-block-image\"><img decoding=\"async\" src=\"https:\/\/media.biobiochile.cl\/wp-content\/uploads\/2022\/02\/punto-nemo.png\" alt=\"[\u200bIMG]\"\/><\/figure>\n\n\n\n<p>Punto Nemo | Dominio P\u00fablico<br>El Punto Nemo est\u00e1 a aproximadamente 3.200 kil\u00f3metros al norte de la Ant\u00e1rtida (Chile) y a 4.800 kil\u00f3metros de la costa oriental de Nueva Zelanda.<\/p>\n\n\n\n<p>Se calcula que pa\u00edses europeos, Estados Unidos, Rusia y Jap\u00f3n han dejado caer m\u00e1s de 263 piezas de basura espacial desde 1971 en ese lugar.<\/p>\n\n\n\n<p><strong>La NASA dejar\u00e1 de construir estaciones<\/strong><br>\u201cLa Estaci\u00f3n Espacial Internacional est\u00e1 entrando en su tercera y m\u00e1s productiva d\u00e9cada como una plataforma cient\u00edfica innovadora en microgravedad\u201d, dijo el director de la Estaci\u00f3n Espacial Internacional, Robyn Gatens<\/p>\n\n\n\n<p>Por otra parte, la NASA pretende que la ISS sea reemplazada por las estaciones espaciales comerciales. De hecho, tres empresas fueron seleccionadas en 2021 para recibir fondos del gobierno con el objetivo de desarrollar estaciones de \u00f3rbita terrestre baja.<\/p>\n\n\n\n<p>Lee tambi\u00e9n&#8230;<br>NASA revela primera imagen en la historia de una estrella estallada en una supernova con Rayos X<br>De esta forma, la NASA se convertir\u00e1 en un cliente de los proveedores comerciales, en lugar de construir y mantener sus propias estaciones.<\/p>\n\n\n\n<p>\u201cEl sector privado es capaz de desarrollar y operar destinos comerciales en la \u00f3rbita terrestre baja, con la ayuda de la NASA\u201d, dijo Phil McAlister, director de espacio comercial en la sede de la NASA en un comunicado.<\/p>\n\n\n\n<p>\u201cEsperamos compartir nuestras lecciones aprendidas y nuestra experiencia en operaciones con el sector privado para ayudarles a desarrollar destinos seguros, fiables y econ\u00f3micamente eficientes en el espacio\u201d, concluy\u00f3 .<\/p>\n\n\n\n<p><\/p>\n\n\n\n<figure class=\"wp-block-embed is-type-video is-provider-youtube wp-block-embed-youtube wp-embed-aspect-16-9 wp-has-aspect-ratio\"><div class=\"wp-block-embed__wrapper\">\n<iframe loading=\"lazy\" title=\"ISS 2030: NASA Extends Operations of the International Space Station\" width=\"500\" height=\"281\" src=\"https:\/\/www.youtube.com\/embed\/a-flzdifn54?feature=oembed\" frameborder=\"0\" allow=\"accelerometer; autoplay; clipboard-write; encrypted-media; gyroscope; picture-in-picture; web-share\" referrerpolicy=\"strict-origin-when-cross-origin\" allowfullscreen><\/iframe>\n<\/div><\/figure>\n\n\n\n<p><\/p>\n\n\n\n<p><a href=\"https:\/\/www.biobiochile.cl\/noticias\/ciencia-y-tecnologia\/astronomia\/2022\/02\/03\/nasa-retirara-la-estacion-internacional-espacial-y-la-estrellara-en-el-oceano-a-la-altura-de-chile.shtml\">https:\/\/www.biobiochile.cl\/noticias\/ciencia-y-tecnologia\/astronomia\/2022\/02\/03\/nasa-retirara-la-estacion-internacional-espacial-y-la-estrellara-en-el-oceano-a-la-altura-de-chile.shtml<\/a><\/p>\n","protected":false},"excerpt":{"rendered":"<div class=\"mh-excerpt\"><p>NASA retirar\u00e1 la Estaci\u00f3n Internacional Espacial y la estrellar\u00e1 en el oc\u00e9ano a la altura de Chile La Estaci\u00f3n Espacial Internacional (ISS por sus siglas <a class=\"mh-excerpt-more\" href=\"https:\/\/reneramon.cl\/index.php\/2022\/02\/04\/nasa-retirara-la-estacion-internacional-espacial-y-la-estrellara-en-el-oceano-a-la-altura-de-chile\/\" title=\"NASA retirar\u00e1 la Estaci\u00f3n Internacional Espacial y la estrellar\u00e1 en el oc\u00e9ano a la altura de Chile\">[&#8230;]<\/a><\/p>\n<\/div>","protected":false},"author":1,"featured_media":3209,"comment_status":"closed","ping_status":"open","sticky":false,"template":"","format":"standard","meta":{"footnotes":""},"categories":[4],"tags":[],"class_list":["post-3786","post","type-post","status-publish","format-standard","has-post-thumbnail","hentry","category-noticias-internacionales"],"_links":{"self":[{"href":"https:\/\/reneramon.cl\/index.php\/wp-json\/wp\/v2\/posts\/3786","targetHints":{"allow":["GET"]}}],"collection":[{"href":"https:\/\/reneramon.cl\/index.php\/wp-json\/wp\/v2\/posts"}],"about":[{"href":"https:\/\/reneramon.cl\/index.php\/wp-json\/wp\/v2\/types\/post"}],"author":[{"embeddable":true,"href":"https:\/\/reneramon.cl\/index.php\/wp-json\/wp\/v2\/users\/1"}],"replies":[{"embeddable":true,"href":"https:\/\/reneramon.cl\/index.php\/wp-json\/wp\/v2\/comments?post=3786"}],"version-history":[{"count":1,"href":"https:\/\/reneramon.cl\/index.php\/wp-json\/wp\/v2\/posts\/3786\/revisions"}],"predecessor-version":[{"id":3787,"href":"https:\/\/reneramon.cl\/index.php\/wp-json\/wp\/v2\/posts\/3786\/revisions\/3787"}],"wp:featuredmedia":[{"embeddable":true,"href":"https:\/\/reneramon.cl\/index.php\/wp-json\/wp\/v2\/media\/3209"}],"wp:attachment":[{"href":"https:\/\/reneramon.cl\/index.php\/wp-json\/wp\/v2\/media?parent=3786"}],"wp:term":[{"taxonomy":"category","embeddable":true,"href":"https:\/\/reneramon.cl\/index.php\/wp-json\/wp\/v2\/categories?post=3786"},{"taxonomy":"post_tag","embeddable":true,"href":"https:\/\/reneramon.cl\/index.php\/wp-json\/wp\/v2\/tags?post=3786"}],"curies":[{"name":"wp","href":"https:\/\/api.w.org\/{rel}","templated":true}]}}