{"id":3822,"date":"2022-02-11T21:42:43","date_gmt":"2022-02-11T21:42:43","guid":{"rendered":"https:\/\/reneramon.cl\/?p=3822"},"modified":"2024-02-02T19:55:52","modified_gmt":"2024-02-02T22:55:52","slug":"la-tecnologia-militar-versus-acero-y-polvora-antigua","status":"publish","type":"post","link":"https:\/\/reneramon.cl\/index.php\/2022\/02\/11\/la-tecnologia-militar-versus-acero-y-polvora-antigua\/","title":{"rendered":"La tecnolog\u00eda militar versus acero y p\u00f3lvora antigua"},"content":{"rendered":"\n<p>Hace&nbsp;m\u00e1s&nbsp;de&nbsp;dos&nbsp;d\u00e9cadas&nbsp;me&nbsp;llamaba&nbsp;la&nbsp;atenci\u00f3n&nbsp;c\u00f3mo&nbsp;los&nbsp;pa\u00edses&nbsp;comunistas&nbsp;siguen&nbsp;invirtiendo&nbsp;el&nbsp;material&nbsp;b\u00e9lico&nbsp;numeroso&nbsp;o&nbsp;b\u00e1sico , f\u00e1cil&nbsp;de&nbsp;manejar&nbsp;de&nbsp;la&nbsp;Segunda&nbsp;Guerra&nbsp;Mundial&nbsp;Por&nbsp;as\u00ed&nbsp;decirlo.<\/p>\n\n\n\n<p>En&nbsp;cambio&nbsp;occidente&nbsp;invirti\u00f3&nbsp;m\u00e1s&nbsp;en&nbsp;tecnolog\u00eda&nbsp;y&nbsp;profesionalismo.<\/p>\n\n\n\n<p>Cantidad&nbsp;versus&nbsp;calidad<\/p>\n\n\n\n<p>Pero&nbsp;a&nbsp;poner&nbsp;ojo&nbsp;con&nbsp;la&nbsp;guerra&nbsp;electr\u00f3nica&nbsp;armas&nbsp;capaces&nbsp;de&nbsp;destruir&nbsp;circuitos&nbsp;y&nbsp;dejar&nbsp;in\u00fatiles&nbsp;asientos&nbsp;o miles&nbsp;de&nbsp;naves&nbsp;navales&nbsp;a\u00e9reas&nbsp;o&nbsp;veh\u00edculos&nbsp;terrestres.<\/p>\n\n\n\n<p>En&nbsp;la&nbsp;actualidad&nbsp;estamos&nbsp;viendo&nbsp;como&nbsp;los&nbsp;rusos&nbsp;aplican&nbsp;esas&nbsp;tecnolog\u00edas&nbsp;sin necesidad&nbsp;de&nbsp;tirar&nbsp;un&nbsp;balazo.<\/p>\n\n\n\n<p>Occidente&nbsp;est\u00e1&nbsp;preparada&nbsp;para&nbsp;una&nbsp;guerra&nbsp;a la&nbsp;antigua???<\/p>\n\n\n\n<p>Corea&nbsp;del&nbsp;Norte&nbsp;s\u00ed.<\/p>\n\n\n\n<p>China&nbsp;y&nbsp;Rusia&nbsp;tambi\u00e9n.<\/p>\n\n\n\n<p>El&nbsp;factor&nbsp;humano&nbsp;ser\u00e1&nbsp;determinante&nbsp;antes&nbsp;que&nbsp;llegue&nbsp;la&nbsp;guerra&nbsp;psicotronica&nbsp;cosa&nbsp;que&nbsp;se&nbsp;ha&nbsp;dicho&nbsp;que&nbsp;ocurre&nbsp;en&nbsp;algunos&nbsp;lugares&nbsp;de&nbsp;Europa&nbsp;y&nbsp;Am\u00e9rica.<\/p>\n\n\n\n<p>El&nbsp;cuestionamiento&nbsp;para&nbsp;Latinoam\u00e9rica&nbsp;y&nbsp;si&nbsp;se&nbsp;ha&nbsp;invertido&nbsp;bien.<\/p>\n\n\n\n<p>El&nbsp;caso&nbsp;chileno&nbsp;es&nbsp;crear&nbsp;un&nbsp;cuerpo&nbsp;militar&nbsp;o&nbsp;de&nbsp;fuerzas&nbsp;armadas&nbsp;profesionales&nbsp;tecnol\u00f3gicas&nbsp;r\u00e1pidas&nbsp;pero&nbsp;no&nbsp;tan&nbsp;numerosas.<\/p>\n\n\n\n<p>Ahora&nbsp;este&nbsp;paradigma&nbsp;militar&nbsp;ser\u00e1&nbsp;el&nbsp;correcto??<\/p>\n\n\n\n<p>O&nbsp;en&nbsp;nuestros&nbsp;pa\u00edses&nbsp;latinoamericanos&nbsp;era&nbsp;m\u00e1s&nbsp;viable&nbsp;tener&nbsp;cantones&nbsp;numerosos&nbsp;con&nbsp;armamento&nbsp;antiguo&nbsp;p\u00f3lvora&nbsp;y&nbsp;hierro&nbsp;que&nbsp;no&nbsp;se&nbsp;ha&nbsp;influenciado&nbsp;por&nbsp;armamento&nbsp;electr\u00f3nico???<\/p>\n\n\n\n<p>Cu\u00e1l&nbsp;es&nbsp;tu&nbsp;posici\u00f3n&nbsp;en&nbsp;cuanto&nbsp;a&nbsp;tener&nbsp;una&nbsp;Fuerza&nbsp;Armada&nbsp;tecnol\u00f3gica&nbsp;profesional&nbsp;poco&nbsp;numerosa&nbsp;o&nbsp;numerosa&nbsp;y&nbsp;atrasada&nbsp;tecnol\u00f3gicamente?<\/p>\n\n\n\n<p>Al&nbsp;parecer&nbsp;los&nbsp;rusos&nbsp;ya&nbsp;saben&nbsp;Cu\u00e1l&nbsp;es&nbsp;el&nbsp;tal\u00f3n&nbsp;de&nbsp;Aquiles&nbsp;del&nbsp;exceso&nbsp;de&nbsp;desarrollo&nbsp;tecnol\u00f3gico&nbsp;en&nbsp;desmedro&nbsp;del&nbsp;n\u00famero&nbsp;de&nbsp;personas&nbsp;al&nbsp;frente&nbsp;de&nbsp;las&nbsp;armas.<\/p>\n\n\n\n<p><\/p>\n\n\n\n<figure class=\"wp-block-embed is-type-video is-provider-youtube wp-block-embed-youtube wp-embed-aspect-16-9 wp-has-aspect-ratio\"><div class=\"wp-block-embed__wrapper\">\n<iframe loading=\"lazy\" title=\"La guerra electr\u00f3nica rusa le est\u00e1 haciendo un descosido a la OTAN, inutilizando barcos y aviones\" width=\"500\" height=\"281\" src=\"https:\/\/www.youtube.com\/embed\/FxOdteUz4Oc?feature=oembed\" frameborder=\"0\" allow=\"accelerometer; autoplay; clipboard-write; encrypted-media; gyroscope; picture-in-picture; web-share\" referrerpolicy=\"strict-origin-when-cross-origin\" allowfullscreen><\/iframe>\n<\/div><\/figure>\n\n\n\n<p>de todas maneras es mas que seguro<br>que los gringos e Ingleses tengan armas que no quieran mostrar&#8230;<\/p>\n\n\n\n<p>Pero que queda para paises en v\u00edas de desarrollo como Chile.<\/p>\n\n\n\n<p>donde el ejercito por cantidad de soldados podr\u00eda prestar mas ayuda a los civiles com\u00fan y corriente???<\/p>\n\n\n\n<p>el cambio de doctrina nos favoreci\u00f3??<\/p>\n\n\n\n<p><\/p>\n\n\n\n<p><\/p>\n","protected":false},"excerpt":{"rendered":"<div class=\"mh-excerpt\"><p>Hace&nbsp;m\u00e1s&nbsp;de&nbsp;dos&nbsp;d\u00e9cadas&nbsp;me&nbsp;llamaba&nbsp;la&nbsp;atenci\u00f3n&nbsp;c\u00f3mo&nbsp;los&nbsp;pa\u00edses&nbsp;comunistas&nbsp;siguen&nbsp;invirtiendo&nbsp;el&nbsp;material&nbsp;b\u00e9lico&nbsp;numeroso&nbsp;o&nbsp;b\u00e1sico , f\u00e1cil&nbsp;de&nbsp;manejar&nbsp;de&nbsp;la&nbsp;Segunda&nbsp;Guerra&nbsp;Mundial&nbsp;Por&nbsp;as\u00ed&nbsp;decirlo. En&nbsp;cambio&nbsp;occidente&nbsp;invirti\u00f3&nbsp;m\u00e1s&nbsp;en&nbsp;tecnolog\u00eda&nbsp;y&nbsp;profesionalismo. Cantidad&nbsp;versus&nbsp;calidad Pero&nbsp;a&nbsp;poner&nbsp;ojo&nbsp;con&nbsp;la&nbsp;guerra&nbsp;electr\u00f3nica&nbsp;armas&nbsp;capaces&nbsp;de&nbsp;destruir&nbsp;circuitos&nbsp;y&nbsp;dejar&nbsp;in\u00fatiles&nbsp;asientos&nbsp;o miles&nbsp;de&nbsp;naves&nbsp;navales&nbsp;a\u00e9reas&nbsp;o&nbsp;veh\u00edculos&nbsp;terrestres. En&nbsp;la&nbsp;actualidad&nbsp;estamos&nbsp;viendo&nbsp;como&nbsp;los&nbsp;rusos&nbsp;aplican&nbsp;esas&nbsp;tecnolog\u00edas&nbsp;sin necesidad&nbsp;de&nbsp;tirar&nbsp;un&nbsp;balazo. Occidente&nbsp;est\u00e1&nbsp;preparada&nbsp;para&nbsp;una&nbsp;guerra&nbsp;a la&nbsp;antigua??? Corea&nbsp;del&nbsp;Norte&nbsp;s\u00ed. China&nbsp;y&nbsp;Rusia&nbsp;tambi\u00e9n. El&nbsp;factor&nbsp;humano&nbsp;ser\u00e1&nbsp;determinante&nbsp;antes&nbsp;que&nbsp;llegue&nbsp;la&nbsp;guerra&nbsp;psicotronica&nbsp;cosa&nbsp;que&nbsp;se&nbsp;ha&nbsp;dicho&nbsp;que&nbsp;ocurre&nbsp;en&nbsp;algunos&nbsp;lugares&nbsp;de&nbsp;Europa&nbsp;y&nbsp;Am\u00e9rica. El&nbsp;cuestionamiento&nbsp;para&nbsp;Latinoam\u00e9rica&nbsp;y&nbsp;si&nbsp;se&nbsp;ha&nbsp;invertido&nbsp;bien. El&nbsp;caso&nbsp;chileno&nbsp;es&nbsp;crear&nbsp;un&nbsp;cuerpo&nbsp;militar&nbsp;o&nbsp;de&nbsp;fuerzas&nbsp;armadas&nbsp;profesionales&nbsp;tecnol\u00f3gicas&nbsp;r\u00e1pidas&nbsp;pero&nbsp;no&nbsp;tan&nbsp;numerosas. Ahora&nbsp;este&nbsp;paradigma&nbsp;militar&nbsp;ser\u00e1&nbsp;el&nbsp;correcto?? O&nbsp;en&nbsp;nuestros&nbsp;pa\u00edses&nbsp;latinoamericanos&nbsp;era&nbsp;m\u00e1s&nbsp;viable&nbsp;tener&nbsp;cantones&nbsp;numerosos&nbsp;con&nbsp;armamento&nbsp;antiguo&nbsp;p\u00f3lvora&nbsp;y&nbsp;hierro&nbsp;que&nbsp;no&nbsp;se&nbsp;ha&nbsp;influenciado&nbsp;por&nbsp;armamento&nbsp;electr\u00f3nico??? Cu\u00e1l&nbsp;es&nbsp;tu&nbsp;posici\u00f3n&nbsp;en&nbsp;cuanto&nbsp;a&nbsp;tener&nbsp;una&nbsp;Fuerza&nbsp;Armada&nbsp;tecnol\u00f3gica&nbsp;profesional&nbsp;poco&nbsp;numerosa&nbsp;o&nbsp;numerosa&nbsp;y&nbsp;atrasada&nbsp;tecnol\u00f3gicamente? Al&nbsp;parecer&nbsp;los&nbsp;rusos&nbsp;ya&nbsp;saben&nbsp;Cu\u00e1l&nbsp;es&nbsp;el&nbsp;tal\u00f3n&nbsp;de&nbsp;Aquiles&nbsp;del&nbsp;exceso&nbsp;de&nbsp;desarrollo&nbsp;tecnol\u00f3gico&nbsp;en&nbsp;desmedro&nbsp;del&nbsp;n\u00famero&nbsp;de&nbsp;personas&nbsp;al&nbsp;frente&nbsp;de&nbsp;las&nbsp;armas. de todas maneras es mas <a class=\"mh-excerpt-more\" href=\"https:\/\/reneramon.cl\/index.php\/2022\/02\/11\/la-tecnologia-militar-versus-acero-y-polvora-antigua\/\" title=\"La tecnolog\u00eda militar versus acero y p\u00f3lvora antigua\">[&#8230;]<\/a><\/p>\n<\/div>","protected":false},"author":1,"featured_media":3811,"comment_status":"closed","ping_status":"open","sticky":false,"template":"","format":"standard","meta":{"footnotes":""},"categories":[6],"tags":[],"class_list":["post-3822","post","type-post","status-publish","format-standard","has-post-thumbnail","hentry","category-opiniones"],"_links":{"self":[{"href":"https:\/\/reneramon.cl\/index.php\/wp-json\/wp\/v2\/posts\/3822","targetHints":{"allow":["GET"]}}],"collection":[{"href":"https:\/\/reneramon.cl\/index.php\/wp-json\/wp\/v2\/posts"}],"about":[{"href":"https:\/\/reneramon.cl\/index.php\/wp-json\/wp\/v2\/types\/post"}],"author":[{"embeddable":true,"href":"https:\/\/reneramon.cl\/index.php\/wp-json\/wp\/v2\/users\/1"}],"replies":[{"embeddable":true,"href":"https:\/\/reneramon.cl\/index.php\/wp-json\/wp\/v2\/comments?post=3822"}],"version-history":[{"count":4,"href":"https:\/\/reneramon.cl\/index.php\/wp-json\/wp\/v2\/posts\/3822\/revisions"}],"predecessor-version":[{"id":3827,"href":"https:\/\/reneramon.cl\/index.php\/wp-json\/wp\/v2\/posts\/3822\/revisions\/3827"}],"wp:featuredmedia":[{"embeddable":true,"href":"https:\/\/reneramon.cl\/index.php\/wp-json\/wp\/v2\/media\/3811"}],"wp:attachment":[{"href":"https:\/\/reneramon.cl\/index.php\/wp-json\/wp\/v2\/media?parent=3822"}],"wp:term":[{"taxonomy":"category","embeddable":true,"href":"https:\/\/reneramon.cl\/index.php\/wp-json\/wp\/v2\/categories?post=3822"},{"taxonomy":"post_tag","embeddable":true,"href":"https:\/\/reneramon.cl\/index.php\/wp-json\/wp\/v2\/tags?post=3822"}],"curies":[{"name":"wp","href":"https:\/\/api.w.org\/{rel}","templated":true}]}}