{"id":4039,"date":"2022-03-29T02:49:30","date_gmt":"2022-03-29T02:49:30","guid":{"rendered":"https:\/\/reneramon.cl\/?p=4039"},"modified":"2024-02-02T19:55:50","modified_gmt":"2024-02-02T22:55:50","slug":"los-alimentos-seguiran-subiendo-de-precio-porque-no-existe-barrera-comercial","status":"publish","type":"post","link":"https:\/\/reneramon.cl\/index.php\/2022\/03\/29\/los-alimentos-seguiran-subiendo-de-precio-porque-no-existe-barrera-comercial\/","title":{"rendered":"Los alimentos seguir\u00e1n subiendo de precio porque no existe Barrera comercial"},"content":{"rendered":"\n<ul class=\"wp-block-list\"><li><\/li><\/ul>\n\n\n\n<p><\/p>\n\n\n\n<p>Tal como se lo he dicho en otros comentarios La traici\u00f3n chilena a Sudam\u00e9rica va a costar bastante cara y la pagar\u00e1 el pueblo por ese af\u00e1n de ser el centro de inversiones de Sudam\u00e9rica para capitales extranjeros vamos a seguir experimentando fuertes alzas alimentarias porque el alimento ya no es zonal sino global Eso quiere decir qu\u00e9 con los tratados de libre comercio todo el cono Sur sudamericano est\u00e1 exportando alimentos de primera necesidad a Asia fundamentalmente con bajos aranceles lo que conllevar\u00e1 el intercambio comercial de los pa\u00edses del cono Sur ir\u00e1 disminuyendo por falta de stock lo que provocara un alza de precios por escasez de estos \u00faltimos.<\/p>\n\n\n\n<p>Los \u00fanicos que ganar\u00e1n ser\u00e1 los empresarios Pero traer\u00e1n m\u00e1s miseria al pa\u00eds Al fin y al cabo todo salimos perdiendo efectos colaterales c\u00f3mo lo dije en otro post regalar la escasa agua que est\u00e1 quedando a precio de huevo mientras estos pa\u00edses de Asia comen casi gratis nosotros Comeremos cada d\u00eda alimento de peor calidad y a precios inflados lo peor de todo Qu\u00e9 veremos c\u00f3mo salen los camiones con frutas y verduras mientras nuestra gente no come nada y esto mismo est\u00e1 ocurriendo en Argentina y Brasil que copiaron el modelo chileno Gracias chilenos por eso son tan queridos en Am\u00e9rica.<\/p>\n\n\n\n<p>los chilenos firmaron tanto TLC , que para el empresario no existe prioridad de abastecer el mercado nacional , porque a mayor demanda de venta mas segura es su entrada , con ello mata el mercado interno que busca que otro pa\u00eds de la regi\u00f3n los abastezca.<\/p>\n\n\n\n<p>pero el problema surge cuando los otros paises latinoamericanos copian el modelo y ya ven que el mercado chileno de apenas 17 millones de habitantes no se compara con una peque\u00f1a regi\u00f3n de China que asegura inversi\u00f3n y dinero r\u00e1pido<\/p>\n\n\n\n<figure class=\"wp-block-image is-resized is-style-default\"><img loading=\"lazy\" decoding=\"async\" src=\"http:\/\/2.bp.blogspot.com\/-zta151wWkqM\/TfMawshYzPI\/AAAAAAAAW64\/9yBxEVUT5gQ\/s200\/muera+chile+pe+cain+cain+peruanos+peru+antichileno.jpeg\" alt=\"Chile-Hoy: Art\u00edculo peruano: Empresas chilenas en el Per\u00fa destruyen empleo\" width=\"854\" height=\"728\"\/><\/figure>\n","protected":false},"excerpt":{"rendered":"<div class=\"mh-excerpt\"><p>Tal como se lo he dicho en otros comentarios La traici\u00f3n chilena a Sudam\u00e9rica va a costar bastante cara y la pagar\u00e1 el pueblo por <a class=\"mh-excerpt-more\" href=\"https:\/\/reneramon.cl\/index.php\/2022\/03\/29\/los-alimentos-seguiran-subiendo-de-precio-porque-no-existe-barrera-comercial\/\" title=\"Los alimentos seguir\u00e1n subiendo de precio porque no existe Barrera comercial\">[&#8230;]<\/a><\/p>\n<\/div>","protected":false},"author":1,"featured_media":3811,"comment_status":"closed","ping_status":"open","sticky":false,"template":"","format":"standard","meta":{"footnotes":""},"categories":[6],"tags":[],"class_list":["post-4039","post","type-post","status-publish","format-standard","has-post-thumbnail","hentry","category-opiniones"],"_links":{"self":[{"href":"https:\/\/reneramon.cl\/index.php\/wp-json\/wp\/v2\/posts\/4039","targetHints":{"allow":["GET"]}}],"collection":[{"href":"https:\/\/reneramon.cl\/index.php\/wp-json\/wp\/v2\/posts"}],"about":[{"href":"https:\/\/reneramon.cl\/index.php\/wp-json\/wp\/v2\/types\/post"}],"author":[{"embeddable":true,"href":"https:\/\/reneramon.cl\/index.php\/wp-json\/wp\/v2\/users\/1"}],"replies":[{"embeddable":true,"href":"https:\/\/reneramon.cl\/index.php\/wp-json\/wp\/v2\/comments?post=4039"}],"version-history":[{"count":3,"href":"https:\/\/reneramon.cl\/index.php\/wp-json\/wp\/v2\/posts\/4039\/revisions"}],"predecessor-version":[{"id":4042,"href":"https:\/\/reneramon.cl\/index.php\/wp-json\/wp\/v2\/posts\/4039\/revisions\/4042"}],"wp:featuredmedia":[{"embeddable":true,"href":"https:\/\/reneramon.cl\/index.php\/wp-json\/wp\/v2\/media\/3811"}],"wp:attachment":[{"href":"https:\/\/reneramon.cl\/index.php\/wp-json\/wp\/v2\/media?parent=4039"}],"wp:term":[{"taxonomy":"category","embeddable":true,"href":"https:\/\/reneramon.cl\/index.php\/wp-json\/wp\/v2\/categories?post=4039"},{"taxonomy":"post_tag","embeddable":true,"href":"https:\/\/reneramon.cl\/index.php\/wp-json\/wp\/v2\/tags?post=4039"}],"curies":[{"name":"wp","href":"https:\/\/api.w.org\/{rel}","templated":true}]}}