{"id":4043,"date":"2022-03-29T13:46:24","date_gmt":"2022-03-29T13:46:24","guid":{"rendered":"http:\/\/reneramon.cl\/?p=4043"},"modified":"2024-02-02T19:55:50","modified_gmt":"2024-02-02T22:55:50","slug":"los-caballeros-de-la-edad-media-le-daba-vigor-o-fuego-a-la-iglesia","status":"publish","type":"post","link":"https:\/\/reneramon.cl\/index.php\/2022\/03\/29\/los-caballeros-de-la-edad-media-le-daba-vigor-o-fuego-a-la-iglesia\/","title":{"rendered":"Los caballeros de la Edad Media le daba vigor o fuego a la iglesia"},"content":{"rendered":"\n<p>Estuve reflexionando mediante inspiraci\u00f3n de otros lados lo importante Qu\u00e9 es contar con caballeros en toda \u00e9poca los Caballeros de la Edad Media le daban el fuego o la potencia a la iglesia porque el papa y sus sacerdotes traen Paz pero el exceso de paz adormece y los caballeros por su naturaleza competitiva solidaria so\u00f1adora le daban un empuje de inspiraci\u00f3n a la poblaci\u00f3n Quiz\u00e1s lo m\u00e1s parecido hoy en d\u00eda son los soldados pero la figura del caballero con el rey C\u00f3mo El Rey Arturo que hace so\u00f1ar a grandes y chicos marca una gran diferencia en la poblaci\u00f3n y c\u00f3mo lo dije anteriormente no comentario es el que puede controlar el marxismo.<\/p>\n\n\n\n<p>Disculpen si no ocupo comas pero estoy ocupando el micr\u00f3fono del celular<\/p>\n\n\n\n<p>C\u00f3mo ven en Grecia fueron los caballeros hoplitas o los atenienses una sociedad como dec\u00eda en otros comentarios militarizada pero bajo par\u00e1metros divinos osea sacerdotes deidades caballeros<\/p>\n\n\n\n<p><\/p>\n\n\n\n<p> en el caso romano el soldado centuri\u00f3n por ejemplo apegado a J\u00fapiter<\/p>\n","protected":false},"excerpt":{"rendered":"<div class=\"mh-excerpt\"><p>Estuve reflexionando mediante inspiraci\u00f3n de otros lados lo importante Qu\u00e9 es contar con caballeros en toda \u00e9poca los Caballeros de la Edad Media le daban <a class=\"mh-excerpt-more\" href=\"https:\/\/reneramon.cl\/index.php\/2022\/03\/29\/los-caballeros-de-la-edad-media-le-daba-vigor-o-fuego-a-la-iglesia\/\" title=\"Los caballeros de la Edad Media le daba vigor o fuego a la iglesia\">[&#8230;]<\/a><\/p>\n<\/div>","protected":false},"author":1,"featured_media":1120,"comment_status":"closed","ping_status":"open","sticky":false,"template":"","format":"standard","meta":{"footnotes":""},"categories":[6],"tags":[],"class_list":["post-4043","post","type-post","status-publish","format-standard","has-post-thumbnail","hentry","category-opiniones"],"_links":{"self":[{"href":"https:\/\/reneramon.cl\/index.php\/wp-json\/wp\/v2\/posts\/4043","targetHints":{"allow":["GET"]}}],"collection":[{"href":"https:\/\/reneramon.cl\/index.php\/wp-json\/wp\/v2\/posts"}],"about":[{"href":"https:\/\/reneramon.cl\/index.php\/wp-json\/wp\/v2\/types\/post"}],"author":[{"embeddable":true,"href":"https:\/\/reneramon.cl\/index.php\/wp-json\/wp\/v2\/users\/1"}],"replies":[{"embeddable":true,"href":"https:\/\/reneramon.cl\/index.php\/wp-json\/wp\/v2\/comments?post=4043"}],"version-history":[{"count":2,"href":"https:\/\/reneramon.cl\/index.php\/wp-json\/wp\/v2\/posts\/4043\/revisions"}],"predecessor-version":[{"id":4045,"href":"https:\/\/reneramon.cl\/index.php\/wp-json\/wp\/v2\/posts\/4043\/revisions\/4045"}],"wp:featuredmedia":[{"embeddable":true,"href":"https:\/\/reneramon.cl\/index.php\/wp-json\/wp\/v2\/media\/1120"}],"wp:attachment":[{"href":"https:\/\/reneramon.cl\/index.php\/wp-json\/wp\/v2\/media?parent=4043"}],"wp:term":[{"taxonomy":"category","embeddable":true,"href":"https:\/\/reneramon.cl\/index.php\/wp-json\/wp\/v2\/categories?post=4043"},{"taxonomy":"post_tag","embeddable":true,"href":"https:\/\/reneramon.cl\/index.php\/wp-json\/wp\/v2\/tags?post=4043"}],"curies":[{"name":"wp","href":"https:\/\/api.w.org\/{rel}","templated":true}]}}