{"id":4100,"date":"2022-04-10T10:08:49","date_gmt":"2022-04-10T10:08:49","guid":{"rendered":"https:\/\/reneramon.cl\/?p=4100"},"modified":"2024-02-02T19:55:50","modified_gmt":"2024-02-02T22:55:50","slug":"en-que-ano-estamos-si-dejamos-de-lado-el-fanatismo-religioso","status":"publish","type":"post","link":"https:\/\/reneramon.cl\/index.php\/2022\/04\/10\/en-que-ano-estamos-si-dejamos-de-lado-el-fanatismo-religioso\/","title":{"rendered":"En qu\u00e9 a\u00f1o estamos si dejamos de lado el fanatismo religioso?"},"content":{"rendered":"\n<p><\/p>\n\n\n\n<p>Sin contar La era del Paleol\u00edtico y demases tiempos antiguos d\u00f3nde a\u00fan no exist\u00eda un verdadero desarrollo intelectual hom\u00ednido Y si contamos la era de Grecia Roma India Egipto sumeria pueblos precolombinos cu\u00e1l ser\u00eda nuestra actual a\u00f1o?<\/p>\n\n\n\n<p>Cu\u00e1l ser\u00eda nuestro punto de referencia?<\/p>\n\n\n\n<p>Ser\u00eda la invenci\u00f3n de la escritura?<\/p>\n\n\n\n<p>Ese ser\u00eda un m\u00e9todo racional y l\u00f3gico de establecer una l\u00ednea de tiempo sin fanatismo religioso?<\/p>\n\n\n\n<p><\/p>\n\n\n\n<p><\/p>\n\n\n\n<p><\/p>\n\n\n\n<p> ahora le pregunto es bueno hacer un calendario qu\u00e9 est\u00e1 relacionado con un evento apocal\u00edptico asociado a esa religi\u00f3n<\/p>\n","protected":false},"excerpt":{"rendered":"<div class=\"mh-excerpt\"><p>Sin contar La era del Paleol\u00edtico y demases tiempos antiguos d\u00f3nde a\u00fan no exist\u00eda un verdadero desarrollo intelectual hom\u00ednido Y si contamos la era de <a class=\"mh-excerpt-more\" href=\"https:\/\/reneramon.cl\/index.php\/2022\/04\/10\/en-que-ano-estamos-si-dejamos-de-lado-el-fanatismo-religioso\/\" title=\"En qu\u00e9 a\u00f1o estamos si dejamos de lado el fanatismo religioso?\">[&#8230;]<\/a><\/p>\n<\/div>","protected":false},"author":1,"featured_media":3811,"comment_status":"closed","ping_status":"open","sticky":false,"template":"","format":"standard","meta":{"footnotes":""},"categories":[6],"tags":[],"class_list":["post-4100","post","type-post","status-publish","format-standard","has-post-thumbnail","hentry","category-opiniones"],"_links":{"self":[{"href":"https:\/\/reneramon.cl\/index.php\/wp-json\/wp\/v2\/posts\/4100","targetHints":{"allow":["GET"]}}],"collection":[{"href":"https:\/\/reneramon.cl\/index.php\/wp-json\/wp\/v2\/posts"}],"about":[{"href":"https:\/\/reneramon.cl\/index.php\/wp-json\/wp\/v2\/types\/post"}],"author":[{"embeddable":true,"href":"https:\/\/reneramon.cl\/index.php\/wp-json\/wp\/v2\/users\/1"}],"replies":[{"embeddable":true,"href":"https:\/\/reneramon.cl\/index.php\/wp-json\/wp\/v2\/comments?post=4100"}],"version-history":[{"count":2,"href":"https:\/\/reneramon.cl\/index.php\/wp-json\/wp\/v2\/posts\/4100\/revisions"}],"predecessor-version":[{"id":4102,"href":"https:\/\/reneramon.cl\/index.php\/wp-json\/wp\/v2\/posts\/4100\/revisions\/4102"}],"wp:featuredmedia":[{"embeddable":true,"href":"https:\/\/reneramon.cl\/index.php\/wp-json\/wp\/v2\/media\/3811"}],"wp:attachment":[{"href":"https:\/\/reneramon.cl\/index.php\/wp-json\/wp\/v2\/media?parent=4100"}],"wp:term":[{"taxonomy":"category","embeddable":true,"href":"https:\/\/reneramon.cl\/index.php\/wp-json\/wp\/v2\/categories?post=4100"},{"taxonomy":"post_tag","embeddable":true,"href":"https:\/\/reneramon.cl\/index.php\/wp-json\/wp\/v2\/tags?post=4100"}],"curies":[{"name":"wp","href":"https:\/\/api.w.org\/{rel}","templated":true}]}}