{"id":4138,"date":"2022-04-21T14:28:54","date_gmt":"2022-04-21T14:28:54","guid":{"rendered":"https:\/\/reneramon.cl\/?p=4138"},"modified":"2024-02-02T19:55:50","modified_gmt":"2024-02-02T22:55:50","slug":"tormentas-lluvias-platillos-voladores-y-el-culto-al-dios-tlaloc","status":"publish","type":"post","link":"https:\/\/reneramon.cl\/index.php\/2022\/04\/21\/tormentas-lluvias-platillos-voladores-y-el-culto-al-dios-tlaloc\/","title":{"rendered":"Tormentas, lluvias ,platillos voladores y el culto al Dios Tlaloc"},"content":{"rendered":"\n\n<p><iframe loading=\"lazy\" src=\"https:\/\/www.facebook.com\/plugins\/post.php?href=https%3A%2F%2Fwww.facebook.com%2FMaussanOficial%2Fposts%2F545591943599743&amp;show_text=true&amp;width=500\" width=\"500\" height=\"480\" style=\"border:none;overflow:hidden\" scrolling=\"no\" frameborder=\"0\" allowfullscreen=\"true\" allow=\"autoplay; clipboard-write; encrypted-media; picture-in-picture; web-share\"><\/iframe><\/p>\n\n\n<p>Estar\u00e1n los platillo voladores cumpliendo un pacto de amistad con la tierra o ayuda a esta trayendo lluvia de otras dimensiones o planetas?<\/p>\n\n\n\n<p><\/p>\n\n\n\n<figure class=\"wp-block-embed is-type-video is-provider-youtube wp-block-embed-youtube wp-embed-aspect-16-9 wp-has-aspect-ratio\"><div class=\"wp-block-embed__wrapper\">\n<iframe loading=\"lazy\" title=\"EL CULTO AL DIOS TLALOC  - DIOSES DEL VIEJO MUNDO\" width=\"500\" height=\"281\" src=\"https:\/\/www.youtube.com\/embed\/0s3ZvTL7qNI?feature=oembed\" frameborder=\"0\" allow=\"accelerometer; autoplay; clipboard-write; encrypted-media; gyroscope; picture-in-picture; web-share\" referrerpolicy=\"strict-origin-when-cross-origin\" allowfullscreen><\/iframe>\n<\/div><\/figure>\n\n\n\n<p><\/p>\n\n\n\n<p><\/p>\n\n\n\n<figure class=\"wp-block-embed is-type-video is-provider-youtube wp-block-embed-youtube wp-embed-aspect-16-9 wp-has-aspect-ratio\"><div class=\"wp-block-embed__wrapper\">\n<iframe loading=\"lazy\" title=\"Todos Entraron en P\u00e1nico Luego de ver Esto. Impactante Tormenta en M\u00e9xico. Esto Grabaron\" width=\"500\" height=\"281\" src=\"https:\/\/www.youtube.com\/embed\/0KBHij9exKQ?feature=oembed\" frameborder=\"0\" allow=\"accelerometer; autoplay; clipboard-write; encrypted-media; gyroscope; picture-in-picture; web-share\" referrerpolicy=\"strict-origin-when-cross-origin\" allowfullscreen><\/iframe>\n<\/div><\/figure>\n\n\n\n<p><\/p>\n\n\n\n<figure class=\"wp-block-embed is-type-video is-provider-youtube wp-block-embed-youtube wp-embed-aspect-16-9 wp-has-aspect-ratio\"><div class=\"wp-block-embed__wrapper\">\n<iframe loading=\"lazy\" title=\"Un fen\u00f3meno Incre\u00edble se formo en Coahuila M\u00e9xico por una tormenta el\u00e9ctrica - 18 de abril del 2022\" width=\"500\" height=\"281\" src=\"https:\/\/www.youtube.com\/embed\/iS-HBbmqMdg?feature=oembed\" frameborder=\"0\" allow=\"accelerometer; autoplay; clipboard-write; encrypted-media; gyroscope; picture-in-picture; web-share\" referrerpolicy=\"strict-origin-when-cross-origin\" allowfullscreen><\/iframe>\n<\/div><\/figure>\n\n\n\n<p><\/p>\n\n\n\n<figure class=\"wp-block-embed is-type-video is-provider-youtube wp-block-embed-youtube wp-embed-aspect-16-9 wp-has-aspect-ratio\"><div class=\"wp-block-embed__wrapper\">\n<iframe loading=\"lazy\" title=\"Huge Supercell with powerful electrical activity in Saltillo, Coahuila, Mexico\" width=\"500\" height=\"281\" src=\"https:\/\/www.youtube.com\/embed\/tPQG6gy4Hzg?feature=oembed\" frameborder=\"0\" allow=\"accelerometer; autoplay; clipboard-write; encrypted-media; gyroscope; picture-in-picture; web-share\" referrerpolicy=\"strict-origin-when-cross-origin\" allowfullscreen><\/iframe>\n<\/div><\/figure>\n\n\n\n<p><\/p>\n\n\n\n<p><\/p>\n\n\n\n<p><\/p>\n\n\n\n<figure class=\"wp-block-image size-large\"><img loading=\"lazy\" decoding=\"async\" width=\"1024\" height=\"1024\" src=\"http:\/\/reneramon.cl\/wp-content\/uploads\/2022\/04\/platillo-tormenta-1024x1024.jpg\" alt=\"\" class=\"wp-image-4351\" srcset=\"https:\/\/reneramon.cl\/wp-content\/uploads\/2022\/04\/platillo-tormenta-1024x1024.jpg 1024w, https:\/\/reneramon.cl\/wp-content\/uploads\/2022\/04\/platillo-tormenta-300x300.jpg 300w, https:\/\/reneramon.cl\/wp-content\/uploads\/2022\/04\/platillo-tormenta-150x150.jpg 150w, https:\/\/reneramon.cl\/wp-content\/uploads\/2022\/04\/platillo-tormenta-768x768.jpg 768w, https:\/\/reneramon.cl\/wp-content\/uploads\/2022\/04\/platillo-tormenta-1536x1536.jpg 1536w, https:\/\/reneramon.cl\/wp-content\/uploads\/2022\/04\/platillo-tormenta.jpg 2048w\" sizes=\"auto, (max-width: 1024px) 100vw, 1024px\" \/><\/figure>\n","protected":false},"excerpt":{"rendered":"<div class=\"mh-excerpt\"><p>Estar\u00e1n los platillo voladores cumpliendo un pacto de amistad con la tierra o ayuda a esta trayendo lluvia de otras dimensiones o planetas?<\/p>\n<\/div>","protected":false},"author":1,"featured_media":3811,"comment_status":"closed","ping_status":"open","sticky":false,"template":"","format":"standard","meta":{"footnotes":""},"categories":[4],"tags":[],"class_list":["post-4138","post","type-post","status-publish","format-standard","has-post-thumbnail","hentry","category-noticias-internacionales"],"_links":{"self":[{"href":"https:\/\/reneramon.cl\/index.php\/wp-json\/wp\/v2\/posts\/4138","targetHints":{"allow":["GET"]}}],"collection":[{"href":"https:\/\/reneramon.cl\/index.php\/wp-json\/wp\/v2\/posts"}],"about":[{"href":"https:\/\/reneramon.cl\/index.php\/wp-json\/wp\/v2\/types\/post"}],"author":[{"embeddable":true,"href":"https:\/\/reneramon.cl\/index.php\/wp-json\/wp\/v2\/users\/1"}],"replies":[{"embeddable":true,"href":"https:\/\/reneramon.cl\/index.php\/wp-json\/wp\/v2\/comments?post=4138"}],"version-history":[{"count":5,"href":"https:\/\/reneramon.cl\/index.php\/wp-json\/wp\/v2\/posts\/4138\/revisions"}],"predecessor-version":[{"id":4352,"href":"https:\/\/reneramon.cl\/index.php\/wp-json\/wp\/v2\/posts\/4138\/revisions\/4352"}],"wp:featuredmedia":[{"embeddable":true,"href":"https:\/\/reneramon.cl\/index.php\/wp-json\/wp\/v2\/media\/3811"}],"wp:attachment":[{"href":"https:\/\/reneramon.cl\/index.php\/wp-json\/wp\/v2\/media?parent=4138"}],"wp:term":[{"taxonomy":"category","embeddable":true,"href":"https:\/\/reneramon.cl\/index.php\/wp-json\/wp\/v2\/categories?post=4138"},{"taxonomy":"post_tag","embeddable":true,"href":"https:\/\/reneramon.cl\/index.php\/wp-json\/wp\/v2\/tags?post=4138"}],"curies":[{"name":"wp","href":"https:\/\/api.w.org\/{rel}","templated":true}]}}