{"id":4151,"date":"2022-04-22T18:57:32","date_gmt":"2022-04-22T18:57:32","guid":{"rendered":"https:\/\/reneramon.cl\/?p=4151"},"modified":"2024-02-02T19:55:50","modified_gmt":"2024-02-02T22:55:50","slug":"somos-hijos-de-las-estrellas-pequena-reflexion","status":"publish","type":"post","link":"https:\/\/reneramon.cl\/index.php\/2022\/04\/22\/somos-hijos-de-las-estrellas-pequena-reflexion\/","title":{"rendered":"Somos hijos de las estrellas peque\u00f1a reflexi\u00f3n"},"content":{"rendered":"\n<ul class=\"wp-block-list\"><li><\/li><\/ul>\n\n\n\n<p><\/p>\n\n\n\n<p>        Si el sol irradia su calor a la Tierra adem\u00e1s env\u00eda micropart\u00edculas de agua y otros compuestos pero no todas las estrellas son iguales y no todos los planetas son iguales y no todos los vegetales son iguales y no todos los seres vivos son iguales porque Los Soles los hay en distintos colores con distintos compuestos entonces eso quiere decir qu\u00e9 somos hijos del sol pero con compuesto determinados influenciado por distintas estrellas con compuestos determinados<\/p>\n\n\n\n<p><\/p>\n\n\n\n<p>Un an\u00e1lisis de su&nbsp;<strong>composici\u00f3n<\/strong>&nbsp;en funci\u00f3n de su masa establece que contiene un 71% de Hidr\u00f3geno, un 27% Helio, y un 2% de otros elementos m\u00e1s pesados (Ver tabla 1). Debido a que el&nbsp;<strong>Sol<\/strong>&nbsp;es gas y plasma, su rotaci\u00f3n cambia con la latitud: un periodo de 24 d\u00edas en el ecuador y cerca de 36 d\u00edas en los polos.<\/p>\n\n\n\n<p><\/p>\n\n\n\n<p><\/p>\n\n\n\n<h1 class=\"wp-block-heading\">La vida eterna del sol es posible<\/h1>\n\n\n\n<ul class=\"wp-block-list\"><li><\/li><\/ul>\n\n\n\n<p><\/p>\n\n\n\n<p>Si vemos el sol no es el m\u00e1s grande.<\/p>\n\n\n\n<p> Han encontrado hace poco tiempo un objeto artificial mucho m\u00e1s grande que el sol . Tambi\u00e9n en el volc\u00e1n Popocat\u00e9petl han visto entrar platillos voladores y en las tormentas han visto platillos voladores algo que compart\u00ed hacer unos d\u00edas atr\u00e1s , tambien  hay registros de objetos extra\u00f1os cerca del sol entonces es posible que la inteligencia alien\u00edgena o terrestre del futuro le d\u00e9 m\u00e1s vida al sol llevando el hidr\u00f3geno y helio o estimul\u00e1ndolo de otra manera yo creo que s\u00ed .-..<\/p>\n\n\n\n<p>Qu\u00e9 opina usted ?<\/p>\n\n\n\n<p><\/p>\n\n\n\n<p>Si la tormenta del otro d\u00eda en M\u00e9xico<br>fue hecha por una apertura dimensional<br>y existen objetos voladores que entran al n\u00facleo de la Tierra&#8230;<\/p>\n\n\n\n<p>ser\u00e1 posible que alg\u00fan ufo entre al sol y haga una apertura dimensional<br>para cargarlo de sus compuestos??<\/p>\n","protected":false},"excerpt":{"rendered":"<div class=\"mh-excerpt\"><p>Si el sol irradia su calor a la Tierra adem\u00e1s env\u00eda micropart\u00edculas de agua y otros compuestos pero no todas las estrellas son iguales y <a class=\"mh-excerpt-more\" href=\"https:\/\/reneramon.cl\/index.php\/2022\/04\/22\/somos-hijos-de-las-estrellas-pequena-reflexion\/\" title=\"Somos hijos de las estrellas peque\u00f1a reflexi\u00f3n\">[&#8230;]<\/a><\/p>\n<\/div>","protected":false},"author":1,"featured_media":3811,"comment_status":"closed","ping_status":"open","sticky":false,"template":"","format":"standard","meta":{"footnotes":""},"categories":[6],"tags":[],"class_list":["post-4151","post","type-post","status-publish","format-standard","has-post-thumbnail","hentry","category-opiniones"],"_links":{"self":[{"href":"https:\/\/reneramon.cl\/index.php\/wp-json\/wp\/v2\/posts\/4151","targetHints":{"allow":["GET"]}}],"collection":[{"href":"https:\/\/reneramon.cl\/index.php\/wp-json\/wp\/v2\/posts"}],"about":[{"href":"https:\/\/reneramon.cl\/index.php\/wp-json\/wp\/v2\/types\/post"}],"author":[{"embeddable":true,"href":"https:\/\/reneramon.cl\/index.php\/wp-json\/wp\/v2\/users\/1"}],"replies":[{"embeddable":true,"href":"https:\/\/reneramon.cl\/index.php\/wp-json\/wp\/v2\/comments?post=4151"}],"version-history":[{"count":3,"href":"https:\/\/reneramon.cl\/index.php\/wp-json\/wp\/v2\/posts\/4151\/revisions"}],"predecessor-version":[{"id":4157,"href":"https:\/\/reneramon.cl\/index.php\/wp-json\/wp\/v2\/posts\/4151\/revisions\/4157"}],"wp:featuredmedia":[{"embeddable":true,"href":"https:\/\/reneramon.cl\/index.php\/wp-json\/wp\/v2\/media\/3811"}],"wp:attachment":[{"href":"https:\/\/reneramon.cl\/index.php\/wp-json\/wp\/v2\/media?parent=4151"}],"wp:term":[{"taxonomy":"category","embeddable":true,"href":"https:\/\/reneramon.cl\/index.php\/wp-json\/wp\/v2\/categories?post=4151"},{"taxonomy":"post_tag","embeddable":true,"href":"https:\/\/reneramon.cl\/index.php\/wp-json\/wp\/v2\/tags?post=4151"}],"curies":[{"name":"wp","href":"https:\/\/api.w.org\/{rel}","templated":true}]}}