{"id":4158,"date":"2022-04-25T00:15:07","date_gmt":"2022-04-25T00:15:07","guid":{"rendered":"https:\/\/reneramon.cl\/?p=4158"},"modified":"2024-02-02T19:55:50","modified_gmt":"2024-02-02T22:55:50","slug":"en-los-ultimos-20-anos-con-tlcs-vigentes-cuantas-nuevas-marcas-de-alimentos-internacionales-tenemos","status":"publish","type":"post","link":"https:\/\/reneramon.cl\/index.php\/2022\/04\/25\/en-los-ultimos-20-anos-con-tlcs-vigentes-cuantas-nuevas-marcas-de-alimentos-internacionales-tenemos\/","title":{"rendered":"en los \u00faltimos 20 a\u00f1os con TLCS vigentes cuantas nuevas marcas de alimentos internacionales tenemos??"},"content":{"rendered":"\n<ul class=\"wp-block-list\"><li><\/li><\/ul>\n\n\n\n<p><\/p>\n\n\n\n<p>ya que somos tan open mind y comercio<br>porque el latifundista terrateniente sigue manejando<br>el comercio local de alimentos y no deja entrar<br>a gran escala alimentos peruanos bolivianos argentinos<br>ecuatorianos colombianos brasilenos etc&#8230;<\/p>\n\n\n\n<p>???<\/p>\n\n\n\n<p>donde quedo la libre competencia<\/p>\n\n\n\n<p>con tanto acuerdo<br>se prefiere un pa\u00eds que firma TLCS para perjudicar<br>toda las otras de la econom\u00eda en beneficio del agr\u00edcola<\/p>\n\n\n\n<p>como ven&#8230;<\/p>\n\n\n\n<p>nada es casualidad&#8230;<\/p>\n\n\n\n<p>si entraran alimentos baratos extranjeros a competir<br>bajar\u00edan los precios&#8230;<\/p>\n\n\n\n<p>pero claro , eso no les conviene a las familias que controlan<br>el pa\u00eds&#8230;<\/p>\n\n\n\n<p>el mismo gremio , que esta secando el pa\u00eds<br>tanto los bolsillos<br>como el agua<\/p>\n\n\n\n<p>lo \u00fanico que entra es alcohol para mantener al indiaje controlado<\/p>\n\n\n\n<p><\/p>\n\n\n\n<p><\/p>\n\n\n\n<p>otro punto&nbsp;<\/p>\n\n\n\n<p>si &nbsp;en nuestros supermercados<\/p>\n\n\n\n<p>hubiesen mas alimentos extranjeros<\/p>\n\n\n\n<p>menos se notaria la politiqueria empresarial<\/p>\n\n\n\n<p>que busca usar a los consumidores como peones<\/p>\n\n\n\n<p>de ajedrez , para generar descontento social<\/p>\n\n\n\n<p>y modificar las elecciones.<\/p>\n","protected":false},"excerpt":{"rendered":"<div class=\"mh-excerpt\"><p>ya que somos tan open mind y comercioporque el latifundista terrateniente sigue manejandoel comercio local de alimentos y no deja entrara gran escala alimentos peruanos <a class=\"mh-excerpt-more\" href=\"https:\/\/reneramon.cl\/index.php\/2022\/04\/25\/en-los-ultimos-20-anos-con-tlcs-vigentes-cuantas-nuevas-marcas-de-alimentos-internacionales-tenemos\/\" title=\"en los \u00faltimos 20 a\u00f1os con TLCS vigentes cuantas nuevas marcas de alimentos internacionales tenemos??\">[&#8230;]<\/a><\/p>\n<\/div>","protected":false},"author":1,"featured_media":3811,"comment_status":"closed","ping_status":"open","sticky":false,"template":"","format":"standard","meta":{"footnotes":""},"categories":[6],"tags":[],"class_list":["post-4158","post","type-post","status-publish","format-standard","has-post-thumbnail","hentry","category-opiniones"],"_links":{"self":[{"href":"https:\/\/reneramon.cl\/index.php\/wp-json\/wp\/v2\/posts\/4158","targetHints":{"allow":["GET"]}}],"collection":[{"href":"https:\/\/reneramon.cl\/index.php\/wp-json\/wp\/v2\/posts"}],"about":[{"href":"https:\/\/reneramon.cl\/index.php\/wp-json\/wp\/v2\/types\/post"}],"author":[{"embeddable":true,"href":"https:\/\/reneramon.cl\/index.php\/wp-json\/wp\/v2\/users\/1"}],"replies":[{"embeddable":true,"href":"https:\/\/reneramon.cl\/index.php\/wp-json\/wp\/v2\/comments?post=4158"}],"version-history":[{"count":2,"href":"https:\/\/reneramon.cl\/index.php\/wp-json\/wp\/v2\/posts\/4158\/revisions"}],"predecessor-version":[{"id":4160,"href":"https:\/\/reneramon.cl\/index.php\/wp-json\/wp\/v2\/posts\/4158\/revisions\/4160"}],"wp:featuredmedia":[{"embeddable":true,"href":"https:\/\/reneramon.cl\/index.php\/wp-json\/wp\/v2\/media\/3811"}],"wp:attachment":[{"href":"https:\/\/reneramon.cl\/index.php\/wp-json\/wp\/v2\/media?parent=4158"}],"wp:term":[{"taxonomy":"category","embeddable":true,"href":"https:\/\/reneramon.cl\/index.php\/wp-json\/wp\/v2\/categories?post=4158"},{"taxonomy":"post_tag","embeddable":true,"href":"https:\/\/reneramon.cl\/index.php\/wp-json\/wp\/v2\/tags?post=4158"}],"curies":[{"name":"wp","href":"https:\/\/api.w.org\/{rel}","templated":true}]}}