{"id":4189,"date":"2022-05-24T13:36:44","date_gmt":"2022-05-24T13:36:44","guid":{"rendered":"https:\/\/reneramon.cl\/?p=4189"},"modified":"2024-02-02T19:55:50","modified_gmt":"2024-02-02T22:55:50","slug":"un-poco-sobre-mi-vida-reflexion-24-de-mayo-del-2022","status":"publish","type":"post","link":"https:\/\/reneramon.cl\/index.php\/2022\/05\/24\/un-poco-sobre-mi-vida-reflexion-24-de-mayo-del-2022\/","title":{"rendered":"Un\u00a0poco\u00a0sobre\u00a0mi\u00a0vida\u00a0reflexi\u00f3n\u00a024\u00a0de\u00a0mayo\u00a0del\u00a02022"},"content":{"rendered":"\n<p>Un&nbsp;poco&nbsp;sobre&nbsp;mi&nbsp;vida&nbsp;reflexi\u00f3n&nbsp;24&nbsp;de&nbsp;mayo&nbsp;del&nbsp;2022<\/p>\n\n\n\n<p>Les&nbsp;voy&nbsp;a&nbsp;hablar&nbsp;un&nbsp;poco&nbsp;sobre&nbsp;mi&nbsp;vida y &nbsp;sobre&nbsp;lo&nbsp;importante&nbsp;que&nbsp;es&nbsp;estudiar.<\/p>\n\n\n\n<p>Yo&nbsp;me&nbsp;fui&nbsp;a&nbsp;vivir&nbsp;a&nbsp;Santiago&nbsp;a&nbsp;principios&nbsp;del&nbsp;a\u00f1o&nbsp;2000&nbsp;para&nbsp;estudiar&nbsp;derecho&nbsp;en&nbsp;la&nbsp;universidad&nbsp;la&nbsp;rep\u00fablica,&nbsp;no&nbsp;fui&nbsp;siempre&nbsp;el&nbsp;mejor&nbsp;estudiante&nbsp;estudiante&nbsp;promedio&nbsp;aunque&nbsp;con&nbsp;algunos&nbsp;d\u00f3nde&nbsp;me&nbsp;iba&nbsp;muy&nbsp;bien&nbsp;y&nbsp;en&nbsp;otros&nbsp;muy&nbsp;mal.<\/p>\n\n\n\n<p>Mi&nbsp;familia&nbsp;decidi\u00f3&nbsp;mudarse&nbsp;a&nbsp;Santiago&nbsp;y&nbsp;a&nbsp;la&nbsp;zona&nbsp;de&nbsp;colchagua,&nbsp;todo&nbsp;esto&nbsp;requiri\u00f3&nbsp;una&nbsp;inversi\u00f3n&nbsp;pero&nbsp;lamentablemente&nbsp;a&nbsp;mi&nbsp;padre&nbsp;le&nbsp;vino&nbsp;un&nbsp;c\u00e1ncer&nbsp;terminal,&nbsp;esto&nbsp;es&nbsp;un&nbsp;peque\u00f1o&nbsp;resumen&nbsp;de&nbsp;vida.<\/p>\n\n\n\n<p>Siempre&nbsp;en&nbsp;la&nbsp;familia&nbsp;existe&nbsp;un&nbsp;hijo&nbsp;m\u00e1s&nbsp;apegado&nbsp;a&nbsp;los&nbsp;padres&nbsp;Este&nbsp;era&nbsp;yo,&nbsp;en&nbsp;qu\u00e9&nbsp;en&nbsp;sus&nbsp;vacaciones&nbsp;prefer\u00eda&nbsp;est\u00e1&nbsp;reparando&nbsp;cosas&nbsp;caseras&nbsp;que&nbsp;ir&nbsp;a&nbsp;fiestas.<\/p>\n\n\n\n<p>Por&nbsp;otro&nbsp;lado&nbsp;mis&nbsp;hermanos&nbsp;mi&nbsp;hermano&nbsp;mayor&nbsp;tambi\u00e9n&nbsp;a&nbsp;duras&nbsp;penas&nbsp;sacaba&nbsp;su&nbsp;t\u00edtulo&nbsp;de&nbsp;abogado.<\/p>\n\n\n\n<p>Y&nbsp;mi&nbsp;hermanita&nbsp;menor&nbsp;la&nbsp;que&nbsp;m\u00e1s&nbsp;c\u00e1tedra&nbsp;nos&nbsp;dio&nbsp;en&nbsp;estudios&nbsp;a\u00f1o&nbsp;m\u00e1s&nbsp;tarde&nbsp;sacar\u00edas&nbsp;su&nbsp;t\u00edtulo.<\/p>\n\n\n\n<p>El&nbsp;hecho&nbsp;que&nbsp;marc\u00f3&nbsp;un&nbsp;antes&nbsp;y&nbsp;un&nbsp;despu\u00e9s&nbsp;en&nbsp;mi&nbsp;vida&nbsp;fue&nbsp;cuando&nbsp;mi&nbsp;padre&nbsp;estaba&nbsp;moribundo&nbsp;Y&nbsp;yo&nbsp;le&nbsp;dije&nbsp;qu\u00e9&nbsp;me&nbsp;ir\u00eda&nbsp;a&nbsp;vivir&nbsp;a&nbsp;chimbarongo&nbsp;para&nbsp;cuidar&nbsp;la&nbsp;futura&nbsp;casa&nbsp;mientras&nbsp;mi&nbsp;hermano&nbsp;sacaba&nbsp;su&nbsp;t\u00edtulo&nbsp;de&nbsp;abogado&nbsp;y&nbsp;yo&nbsp;posteriormente&nbsp;sacar\u00eda&nbsp;mi&nbsp;t\u00edtulo&nbsp;luego&nbsp;de&nbsp;haber&nbsp;congelado,&nbsp;de&nbsp;paso&nbsp;est\u00e1&nbsp;decir&nbsp;que&nbsp;la&nbsp;universidad&nbsp;d\u00f3nde&nbsp;estudiaba&nbsp;estaba&nbsp;por&nbsp;pasar&nbsp;por&nbsp;un&nbsp;proceso&nbsp;de&nbsp;quiebra.<\/p>\n\n\n\n<p>Hoy&nbsp;me&nbsp;cuestiono&nbsp;la&nbsp;decisi\u00f3n&nbsp;porque&nbsp;nadie&nbsp;sabe&nbsp;para&nbsp;Qui\u00e9n&nbsp;trabaja&nbsp;en&nbsp;esta&nbsp;vida.<\/p>\n\n\n\n<p>Aunque&nbsp;\u00e9ticamente&nbsp;act\u00fae&nbsp;como&nbsp;corresponde.<\/p>\n\n\n\n<p>Posteriormente&nbsp;retom\u00e9&nbsp;derecho&nbsp;en&nbsp;la&nbsp;universidad&nbsp;Pedro&nbsp;de&nbsp;Valdivia&nbsp;D\u00f3nde&nbsp;surgi\u00f3&nbsp;todo&nbsp;el&nbsp;problema&nbsp;del&nbsp;bullying&nbsp;ya&nbsp;en&nbsp;ese&nbsp;tiempo&nbsp;mi&nbsp;padre&nbsp;hab\u00eda&nbsp;muerto.<\/p>\n\n\n\n<p>Todo&nbsp;esto&nbsp;me&nbsp;fue&nbsp;enfermando&nbsp;porque&nbsp;con&nbsp;mi&nbsp;madre&nbsp;quedamos&nbsp;salvando&nbsp;El&nbsp;buque&nbsp;familiar&nbsp;mi&nbsp;hermano&nbsp;mayor&nbsp;apoyando&nbsp;econ\u00f3micamente&nbsp;dentro&nbsp;de&nbsp;lo&nbsp;que&nbsp;pod\u00eda&nbsp;pero&nbsp;ya&nbsp;con&nbsp;su&nbsp;t\u00edtulo.<\/p>\n\n\n\n<p>Mi&nbsp;hermana&nbsp;menor&nbsp;estudiando&nbsp;recibiendo&nbsp;a&nbsp;conciencia.<\/p>\n\n\n\n<p>Despu\u00e9s&nbsp;de&nbsp;lo&nbsp;vivido&nbsp;en&nbsp;la&nbsp;Pedro&nbsp;de&nbsp;Valdivia&nbsp;me&nbsp;enferm\u00e9&nbsp;y&nbsp;me&nbsp;volv\u00ed&nbsp;a&nbsp;puntarenas&nbsp;no&nbsp;&nbsp;me&nbsp;gusta&nbsp;la&nbsp;vida&nbsp;ajetreada&nbsp;de&nbsp;Santiago.<\/p>\n\n\n\n<p>All\u00ed&nbsp;de&nbsp;un&nbsp;tiempo&nbsp;a&nbsp;otro&nbsp;mi&nbsp;hermana&nbsp;menor&nbsp;se&nbsp;fue&nbsp;de&nbsp;la&nbsp;casa&nbsp;no&nbsp;de&nbsp;la&nbsp;mejor&nbsp;manera&nbsp;lo&nbsp;que&nbsp;le&nbsp;provoc\u00f3&nbsp;a&nbsp;mi&nbsp;madre&nbsp;un&nbsp;infarto,Menos&nbsp;mal&nbsp;que&nbsp;estuve&nbsp;presente&nbsp;porque&nbsp;o&nbsp;sino&nbsp;se&nbsp;muere.<\/p>\n\n\n\n<p>Entre&nbsp;mi&nbsp;enfermedad&nbsp;y&nbsp;cuidar&nbsp;a&nbsp;mi&nbsp;madre&nbsp;se&nbsp;fueron&nbsp;2&nbsp;a\u00f1os&nbsp;de&nbsp;vida&nbsp;qu\u00e9&nbsp;la&nbsp;pasamos&nbsp;muy&nbsp;mal&nbsp;econ\u00f3micamente.<\/p>\n\n\n\n<p>Posteriormente&nbsp;mi&nbsp;madre&nbsp;tuvo&nbsp;otra&nbsp;enfermedad&nbsp;terminal&nbsp;y&nbsp;a&nbsp;la&nbsp;par&nbsp;retom\u00e9&nbsp;derecho&nbsp;pero&nbsp;tuve&nbsp;que&nbsp;congelar&nbsp;por&nbsp;lo&nbsp;mismo.<\/p>\n\n\n\n<p>Este&nbsp;es&nbsp;un&nbsp;peque\u00f1o&nbsp;resumen&nbsp;de&nbsp;mi&nbsp;vida&nbsp;no&nbsp;soy&nbsp;llor\u00f3n&nbsp;pero&nbsp;s\u00e9&nbsp;que&nbsp;al&nbsp;decirlo&nbsp;es&nbsp;poner&nbsp;en&nbsp;una&nbsp;balanza&nbsp;universal&nbsp;lo&nbsp;que&nbsp;es&nbsp;ser&nbsp;un&nbsp;hijo&nbsp;lo&nbsp;que&nbsp;ser&nbsp;un&nbsp;ser&nbsp;humano.<\/p>\n\n\n\n<p>Dem\u00e1s&nbsp;est\u00e1&nbsp;decir&nbsp;Qu\u00e9&nbsp;estudie&nbsp;un&nbsp;a\u00f1o&nbsp;administraci\u00f3n&nbsp;de&nbsp;empresa&nbsp;qu\u00e9&nbsp;no&nbsp;me&nbsp;fue&nbsp;mal&nbsp;pero&nbsp;no&nbsp;ten\u00eda&nbsp;recursos&nbsp;para&nbsp;continuar.<\/p>\n\n\n\n<p>En&nbsp;todo&nbsp;este&nbsp;trayecto&nbsp;sigo&nbsp;abstemio,&nbsp;sin&nbsp;conocer&nbsp;la&nbsp;noche,&nbsp;casero&nbsp;100%.<\/p>\n\n\n\n<p>Quiz\u00e1s&nbsp;esta&nbsp;parte&nbsp;me&nbsp;Cerro&nbsp;muchas&nbsp;puertas.<\/p>\n\n\n\n<p>Ahora&nbsp;voy&nbsp;al&nbsp;d\u00eda&nbsp;de&nbsp;hoy,&nbsp;desde&nbsp;enero&nbsp;a&nbsp;la&nbsp;fecha&nbsp;estuve&nbsp;trabajando&nbsp;en&nbsp;una&nbsp;pesquera&nbsp;pero&nbsp;por&nbsp;condiciones&nbsp;de&nbsp;salud&nbsp;tuve&nbsp;que&nbsp;dejarla&nbsp;porque&nbsp;tengo&nbsp;una&nbsp;hernia&nbsp;discal&nbsp;qu\u00e9&nbsp;cuando&nbsp;sufro&nbsp;mucho&nbsp;tiempo&nbsp;parado&nbsp;me&nbsp;causa&nbsp;molestias.<\/p>\n\n\n\n<p>El&nbsp;problema&nbsp;surge&nbsp;,&nbsp;qu\u00e9&nbsp;no&nbsp;tengo&nbsp;familia&nbsp;que&nbsp;me&nbsp;apoye.<\/p>\n\n\n\n<p>Eh&nbsp;estado&nbsp;algo&nbsp;de&nbsp;3&nbsp;semanas&nbsp;sin&nbsp;salir&nbsp;de&nbsp;la&nbsp;casa&nbsp;por&nbsp;problemas&nbsp;a&nbsp;la&nbsp;columna,&nbsp;pero&nbsp;lo&nbsp;m\u00e1s&nbsp;triste&nbsp;de&nbsp;todo&nbsp;es&nbsp;que&nbsp;no&nbsp;contaba&nbsp;ni&nbsp;siquiera&nbsp;con&nbsp;$10000&nbsp;prestados&nbsp;para&nbsp;comprarme&nbsp;medicamentos.(cosa que me ayudo un t\u00edo m\u00edo)<\/p>\n\n\n\n<p>Y&nbsp;todo&nbsp;esto&nbsp;retarda&nbsp;mi&nbsp;recuperaci\u00f3n.<\/p>\n\n\n\n<p>Qu\u00e9&nbsp;hacer&nbsp;con&nbsp;el&nbsp;resto&nbsp;de&nbsp;mi&nbsp;vida?<\/p>\n\n\n\n<p>Mis&nbsp;padres&nbsp;nos&nbsp;dejaron&nbsp;3&nbsp;propiedades,&nbsp;mis&nbsp;dos&nbsp;hermanos&nbsp;Ya&nbsp;tienen&nbsp;sus&nbsp;t\u00edtulos,&nbsp;trabajos&nbsp;estables.<\/p>\n\n\n\n<p>Yo&nbsp;siempre&nbsp;pens\u00e9&nbsp;en&nbsp;dejar&nbsp;mis&nbsp;bienes&nbsp;a&nbsp;mis&nbsp;sobrinos&nbsp;porque&nbsp;no&nbsp;quiero&nbsp;tener&nbsp;familia.<\/p>\n\n\n\n<p>Pero&nbsp;si&nbsp;t\u00fa&nbsp;misma&nbsp;familia&nbsp;no&nbsp;te&nbsp;presta&nbsp;ni&nbsp;siquiera&nbsp;$5000&nbsp;para&nbsp;comprar&nbsp;medicamentos&nbsp;prefiero&nbsp;alejarme&nbsp;de&nbsp;ellos.<\/p>\n\n\n\n<p>Para&nbsp;que&nbsp;pasar&nbsp;siguiendo&nbsp;amarguras&nbsp;privaciones&nbsp;si&nbsp;no&nbsp;existe&nbsp;el&nbsp;esp\u00edritu&nbsp;de&nbsp;familia&nbsp;que&nbsp;yo&nbsp;siempre&nbsp;mostr\u00e9&nbsp;a&nbsp;mis&nbsp;padres&nbsp;de&nbsp;poner&nbsp;el&nbsp;bien&nbsp;com\u00fan&nbsp;sobre&nbsp;el&nbsp;personal.<\/p>\n\n\n\n<p>Le&nbsp;he&nbsp;dicho&nbsp;a&nbsp;mis&nbsp;hermanos&nbsp;que&nbsp;ya&nbsp;debemos&nbsp;m\u00e1s&nbsp;de&nbsp;2.000.000&nbsp;de&nbsp;pesos&nbsp;en&nbsp;contribuciones&nbsp;y&nbsp;algo&nbsp;se&nbsp;tiene&nbsp;que&nbsp;hacer.<\/p>\n\n\n\n<p>La&nbsp;prioridad&nbsp;de&nbsp;ellos&nbsp;No&nbsp;es&nbsp;esa&nbsp;parece.<\/p>\n\n\n\n<p>Mi&nbsp;objetivo&nbsp;es&nbsp;volver&nbsp;a&nbsp;estudiar&nbsp;pero&nbsp;tampoco&nbsp;puedo&nbsp;estudiar&nbsp;si&nbsp;tengo&nbsp;turnos&nbsp;rotativos&nbsp;de&nbsp;trabajo.<\/p>\n\n\n\n<p>Si&nbsp;no&nbsp;tengo&nbsp;familia&nbsp;prefiero&nbsp;Vender&nbsp;todo&nbsp;tener&nbsp;una&nbsp;peque\u00f1a&nbsp;casa&nbsp;y&nbsp;estudiar&nbsp;tranquilamente.<\/p>\n\n\n\n<p>Porque&nbsp;he&nbsp;de&nbsp;dejar&nbsp;Herencia&nbsp;a&nbsp;personas&nbsp;que&nbsp;son&nbsp;tan&nbsp;mezquinas.<\/p>\n\n\n\n<p>Veo&nbsp;existen&nbsp;otras&nbsp;prioridades&nbsp;C\u00f3mo&nbsp;comprar&nbsp;bienes&nbsp;ra\u00edces&nbsp;veh\u00edculos&nbsp;a&nbsp;pagar&nbsp;las&nbsp;deudas&nbsp;tributarias.<\/p>\n\n\n\n<p>Ahora&nbsp;Cu\u00e1l&nbsp;es&nbsp;es&nbsp;el&nbsp;otro&nbsp;problema&nbsp;que&nbsp;me&nbsp;dejen&nbsp;interdicto&nbsp;por&nbsp;no&nbsp;poder&nbsp;mantenerme\u00bf?.<\/p>\n\n\n\n<p>Gracias&nbsp;a&nbsp;Dios&nbsp;tuve&nbsp;muy&nbsp;buen&nbsp;jefe&nbsp;pero&nbsp;lamentablemente&nbsp;la&nbsp;columna&nbsp;me&nbsp;pasa&nbsp;la&nbsp;cuenta.<\/p>\n\n\n\n<p>Ahora&nbsp;est\u00e1&nbsp;historia&nbsp;de&nbsp;vida&nbsp;se&nbsp;las&nbsp;dej\u00f3&nbsp;como&nbsp;ense\u00f1anza.<\/p>\n\n\n\n<p>Existen&nbsp;muchos&nbsp;hijos&nbsp;que&nbsp;ponen&nbsp;a&nbsp;su&nbsp;familia&nbsp;antes&nbsp;que&nbsp;sus&nbsp;deseos&nbsp;personales,&nbsp;pero&nbsp;ojo&nbsp;all\u00ed&nbsp;mi&nbsp;abuelo&nbsp;me&nbsp;dijo&nbsp;en&nbsp;su&nbsp;oportunidad&nbsp;Qu\u00e9&nbsp;pensar\u00e1&nbsp;m\u00e1s&nbsp;que&nbsp;en&nbsp;en&nbsp;m\u00ed&nbsp;,porque&nbsp;en&nbsp;el&nbsp;futuro&nbsp;nada&nbsp;es&nbsp;cierto.<\/p>\n\n\n\n<p>Y&nbsp;creo&nbsp;que&nbsp;a&nbsp;llegado&nbsp;el&nbsp;momento&nbsp;en&nbsp;que&nbsp;haga&nbsp;valer&nbsp;mis&nbsp;derechos&nbsp;hereditarios&nbsp;y&nbsp;retom\u00e9&nbsp;mis&nbsp;estudios.<\/p>\n\n\n\n<p>Muchas&nbsp;personas&nbsp;se&nbsp;burlan&nbsp;porque&nbsp;no&nbsp;trabajaba&nbsp;hablo&nbsp;desde&nbsp;el&nbsp;punto&nbsp;De&nbsp;vista&nbsp;remuneraci\u00f3n.<\/p>\n\n\n\n<p>Pero&nbsp;yo&nbsp;me&nbsp;convert\u00ed&nbsp;en&nbsp;el&nbsp;empleado,&nbsp;en&nbsp;el&nbsp;enfermero,&nbsp;en&nbsp;el&nbsp;maestro,&nbsp;que&nbsp;ten\u00eda&nbsp;que&nbsp;velar&nbsp;por&nbsp;la&nbsp;familia&nbsp;junto&nbsp;a&nbsp;mi&nbsp;madre&nbsp;Y&nbsp;esto&nbsp;no&nbsp;es&nbsp;propiamente&nbsp;de&nbsp;m\u00ed&nbsp;porque&nbsp;conocido&nbsp;varios&nbsp;casos&nbsp;de&nbsp;j\u00f3venes&nbsp;que&nbsp;les&nbsp;a&nbsp;tocado&nbsp;ser&nbsp;m\u00e1s&nbsp;padre&nbsp;que&nbsp;hijo.<\/p>\n\n\n\n<p>Ahora&nbsp;usted&nbsp;lector&nbsp;,&nbsp;qu\u00e9&nbsp;har\u00eda&nbsp;en&nbsp;mi&nbsp;caso??<\/p>\n\n\n\n<p>Pensar\u00eda en legar algo en la familia?? o vivir\u00eda y estudiar\u00eda?<\/p>\n\n\n\n<p><\/p>\n\n\n\n<p><\/p>\n\n\n\n<figure class=\"wp-block-image size-full is-resized\"><img loading=\"lazy\" decoding=\"async\" src=\"http:\/\/reneramon.cl\/wp-content\/uploads\/2020\/07\/Balanzaprevio.png\" alt=\"\" class=\"wp-image-1289\" width=\"833\" height=\"625\" srcset=\"https:\/\/reneramon.cl\/wp-content\/uploads\/2020\/07\/Balanzaprevio.png 400w, https:\/\/reneramon.cl\/wp-content\/uploads\/2020\/07\/Balanzaprevio-300x225.png 300w, https:\/\/reneramon.cl\/wp-content\/uploads\/2020\/07\/Balanzaprevio-326x245.png 326w, https:\/\/reneramon.cl\/wp-content\/uploads\/2020\/07\/Balanzaprevio-80x60.png 80w\" sizes=\"auto, (max-width: 833px) 100vw, 833px\" \/><\/figure>\n","protected":false},"excerpt":{"rendered":"<div class=\"mh-excerpt\"><p>Un&nbsp;poco&nbsp;sobre&nbsp;mi&nbsp;vida&nbsp;reflexi\u00f3n&nbsp;24&nbsp;de&nbsp;mayo&nbsp;del&nbsp;2022 Les&nbsp;voy&nbsp;a&nbsp;hablar&nbsp;un&nbsp;poco&nbsp;sobre&nbsp;mi&nbsp;vida y &nbsp;sobre&nbsp;lo&nbsp;importante&nbsp;que&nbsp;es&nbsp;estudiar. Yo&nbsp;me&nbsp;fui&nbsp;a&nbsp;vivir&nbsp;a&nbsp;Santiago&nbsp;a&nbsp;principios&nbsp;del&nbsp;a\u00f1o&nbsp;2000&nbsp;para&nbsp;estudiar&nbsp;derecho&nbsp;en&nbsp;la&nbsp;universidad&nbsp;la&nbsp;rep\u00fablica,&nbsp;no&nbsp;fui&nbsp;siempre&nbsp;el&nbsp;mejor&nbsp;estudiante&nbsp;estudiante&nbsp;promedio&nbsp;aunque&nbsp;con&nbsp;algunos&nbsp;d\u00f3nde&nbsp;me&nbsp;iba&nbsp;muy&nbsp;bien&nbsp;y&nbsp;en&nbsp;otros&nbsp;muy&nbsp;mal. Mi&nbsp;familia&nbsp;decidi\u00f3&nbsp;mudarse&nbsp;a&nbsp;Santiago&nbsp;y&nbsp;a&nbsp;la&nbsp;zona&nbsp;de&nbsp;colchagua,&nbsp;todo&nbsp;esto&nbsp;requiri\u00f3&nbsp;una&nbsp;inversi\u00f3n&nbsp;pero&nbsp;lamentablemente&nbsp;a&nbsp;mi&nbsp;padre&nbsp;le&nbsp;vino&nbsp;un&nbsp;c\u00e1ncer&nbsp;terminal,&nbsp;esto&nbsp;es&nbsp;un&nbsp;peque\u00f1o&nbsp;resumen&nbsp;de&nbsp;vida. Siempre&nbsp;en&nbsp;la&nbsp;familia&nbsp;existe&nbsp;un&nbsp;hijo&nbsp;m\u00e1s&nbsp;apegado&nbsp;a&nbsp;los&nbsp;padres&nbsp;Este&nbsp;era&nbsp;yo,&nbsp;en&nbsp;qu\u00e9&nbsp;en&nbsp;sus&nbsp;vacaciones&nbsp;prefer\u00eda&nbsp;est\u00e1&nbsp;reparando&nbsp;cosas&nbsp;caseras&nbsp;que&nbsp;ir&nbsp;a&nbsp;fiestas. Por&nbsp;otro&nbsp;lado&nbsp;mis&nbsp;hermanos&nbsp;mi&nbsp;hermano&nbsp;mayor&nbsp;tambi\u00e9n&nbsp;a&nbsp;duras&nbsp;penas&nbsp;sacaba&nbsp;su&nbsp;t\u00edtulo&nbsp;de&nbsp;abogado. Y&nbsp;mi&nbsp;hermanita&nbsp;menor&nbsp;la&nbsp;que&nbsp;m\u00e1s&nbsp;c\u00e1tedra&nbsp;nos&nbsp;dio&nbsp;en&nbsp;estudios&nbsp;a\u00f1o&nbsp;m\u00e1s&nbsp;tarde&nbsp;sacar\u00edas&nbsp;su&nbsp;t\u00edtulo. El&nbsp;hecho&nbsp;que&nbsp;marc\u00f3&nbsp;un&nbsp;antes&nbsp;y&nbsp;un&nbsp;despu\u00e9s&nbsp;en&nbsp;mi&nbsp;vida&nbsp;fue&nbsp;cuando&nbsp;mi&nbsp;padre&nbsp;estaba&nbsp;moribundo&nbsp;Y&nbsp;yo&nbsp;le&nbsp;dije&nbsp;qu\u00e9&nbsp;me&nbsp;ir\u00eda&nbsp;a&nbsp;vivir&nbsp;a&nbsp;chimbarongo&nbsp;para&nbsp;cuidar&nbsp;la&nbsp;futura&nbsp;casa&nbsp;mientras&nbsp;mi&nbsp;hermano&nbsp;sacaba&nbsp;su&nbsp;t\u00edtulo&nbsp;de&nbsp;abogado&nbsp;y&nbsp;yo&nbsp;posteriormente&nbsp;sacar\u00eda&nbsp;mi&nbsp;t\u00edtulo&nbsp;luego&nbsp;de&nbsp;haber&nbsp;congelado,&nbsp;de&nbsp;paso&nbsp;est\u00e1&nbsp;decir&nbsp;que&nbsp;la&nbsp;universidad&nbsp;d\u00f3nde&nbsp;estudiaba&nbsp;estaba&nbsp;por&nbsp;pasar&nbsp;por&nbsp;un&nbsp;proceso&nbsp;de&nbsp;quiebra. Hoy&nbsp;me&nbsp;cuestiono&nbsp;la&nbsp;decisi\u00f3n&nbsp;porque&nbsp;nadie&nbsp;sabe&nbsp;para&nbsp;Qui\u00e9n&nbsp;trabaja&nbsp;en&nbsp;esta&nbsp;vida. Aunque&nbsp;\u00e9ticamente&nbsp;act\u00fae&nbsp;como&nbsp;corresponde. Posteriormente&nbsp;retom\u00e9&nbsp;derecho&nbsp;en&nbsp;la&nbsp;universidad&nbsp;Pedro&nbsp;de&nbsp;Valdivia&nbsp;D\u00f3nde&nbsp;surgi\u00f3&nbsp;todo&nbsp;el&nbsp;problema&nbsp;del&nbsp;bullying&nbsp;ya&nbsp;en&nbsp;ese&nbsp;tiempo&nbsp;mi&nbsp;padre&nbsp;hab\u00eda&nbsp;muerto. Todo&nbsp;esto&nbsp;me&nbsp;fue&nbsp;enfermando&nbsp;porque&nbsp;con&nbsp;mi&nbsp;madre&nbsp;quedamos&nbsp;salvando&nbsp;El&nbsp;buque&nbsp;familiar&nbsp;mi&nbsp;hermano&nbsp;mayor&nbsp;apoyando&nbsp;econ\u00f3micamente&nbsp;dentro&nbsp;de&nbsp;lo&nbsp;que&nbsp;pod\u00eda&nbsp;pero&nbsp;ya&nbsp;con&nbsp;su&nbsp;t\u00edtulo. Mi&nbsp;hermana&nbsp;menor&nbsp;estudiando&nbsp;recibiendo&nbsp;a&nbsp;conciencia. Despu\u00e9s&nbsp;de&nbsp;lo&nbsp;vivido&nbsp;en&nbsp;la&nbsp;Pedro&nbsp;de&nbsp;Valdivia&nbsp;me&nbsp;enferm\u00e9&nbsp;y&nbsp;me&nbsp;volv\u00ed&nbsp;a&nbsp;puntarenas&nbsp;no&nbsp;&nbsp;me&nbsp;gusta&nbsp;la&nbsp;vida&nbsp;ajetreada&nbsp;de&nbsp;Santiago. All\u00ed&nbsp;de&nbsp;un&nbsp;tiempo&nbsp;a&nbsp;otro&nbsp;mi&nbsp;hermana&nbsp;menor&nbsp;se&nbsp;fue&nbsp;de&nbsp;la&nbsp;casa&nbsp;no&nbsp;de&nbsp;la&nbsp;mejor&nbsp;manera&nbsp;lo&nbsp;que&nbsp;le&nbsp;provoc\u00f3&nbsp;a&nbsp;mi&nbsp;madre&nbsp;un&nbsp;infarto,Menos&nbsp;mal&nbsp;que&nbsp;estuve&nbsp;presente&nbsp;porque&nbsp;o&nbsp;sino&nbsp;se&nbsp;muere. Entre&nbsp;mi&nbsp;enfermedad&nbsp;y&nbsp;cuidar&nbsp;a&nbsp;mi&nbsp;madre&nbsp;se&nbsp;fueron&nbsp;2&nbsp;a\u00f1os&nbsp;de&nbsp;vida&nbsp;qu\u00e9&nbsp;la&nbsp;pasamos&nbsp;muy&nbsp;mal&nbsp;econ\u00f3micamente. Posteriormente&nbsp;mi&nbsp;madre&nbsp;tuvo&nbsp;otra&nbsp;enfermedad&nbsp;terminal&nbsp;y&nbsp;a&nbsp;la&nbsp;par&nbsp;retom\u00e9&nbsp;derecho&nbsp;pero&nbsp;tuve&nbsp;que&nbsp;congelar&nbsp;por&nbsp;lo&nbsp;mismo. Este&nbsp;es&nbsp;un&nbsp;peque\u00f1o&nbsp;resumen&nbsp;de&nbsp;mi&nbsp;vida&nbsp;no&nbsp;soy&nbsp;llor\u00f3n&nbsp;pero&nbsp;s\u00e9&nbsp;que&nbsp;al&nbsp;decirlo&nbsp;es&nbsp;poner&nbsp;en&nbsp;una&nbsp;balanza&nbsp;universal&nbsp;lo&nbsp;que&nbsp;es&nbsp;ser&nbsp;un&nbsp;hijo&nbsp;lo&nbsp;que&nbsp;ser&nbsp;un&nbsp;ser&nbsp;humano. Dem\u00e1s&nbsp;est\u00e1&nbsp;decir&nbsp;Qu\u00e9&nbsp;estudie&nbsp;un&nbsp;a\u00f1o&nbsp;administraci\u00f3n&nbsp;de&nbsp;empresa&nbsp;qu\u00e9&nbsp;no&nbsp;me&nbsp;fue&nbsp;mal&nbsp;pero&nbsp;no&nbsp;ten\u00eda&nbsp;recursos&nbsp;para&nbsp;continuar. En&nbsp;todo&nbsp;este&nbsp;trayecto&nbsp;sigo&nbsp;abstemio,&nbsp;sin&nbsp;conocer&nbsp;la&nbsp;noche,&nbsp;casero&nbsp;100%. Quiz\u00e1s&nbsp;esta&nbsp;parte&nbsp;me&nbsp;Cerro&nbsp;muchas&nbsp;puertas. Ahora&nbsp;voy&nbsp;al&nbsp;d\u00eda&nbsp;de&nbsp;hoy,&nbsp;desde&nbsp;enero&nbsp;a&nbsp;la&nbsp;fecha&nbsp;estuve&nbsp;trabajando&nbsp;en&nbsp;una&nbsp;pesquera&nbsp;pero&nbsp;por&nbsp;condiciones&nbsp;de&nbsp;salud&nbsp;tuve&nbsp;que&nbsp;dejarla&nbsp;porque&nbsp;tengo&nbsp;una&nbsp;hernia&nbsp;discal&nbsp;qu\u00e9&nbsp;cuando&nbsp;sufro&nbsp;mucho&nbsp;tiempo&nbsp;parado&nbsp;me&nbsp;causa&nbsp;molestias. El&nbsp;problema&nbsp;surge&nbsp;,&nbsp;qu\u00e9&nbsp;no&nbsp;tengo&nbsp;familia&nbsp;que&nbsp;me&nbsp;apoye. <a class=\"mh-excerpt-more\" href=\"https:\/\/reneramon.cl\/index.php\/2022\/05\/24\/un-poco-sobre-mi-vida-reflexion-24-de-mayo-del-2022\/\" title=\"Un\u00a0poco\u00a0sobre\u00a0mi\u00a0vida\u00a0reflexi\u00f3n\u00a024\u00a0de\u00a0mayo\u00a0del\u00a02022\">[&#8230;]<\/a><\/p>\n<\/div>","protected":false},"author":1,"featured_media":4182,"comment_status":"closed","ping_status":"open","sticky":false,"template":"","format":"standard","meta":{"footnotes":""},"categories":[6],"tags":[],"class_list":["post-4189","post","type-post","status-publish","format-standard","has-post-thumbnail","hentry","category-opiniones"],"_links":{"self":[{"href":"https:\/\/reneramon.cl\/index.php\/wp-json\/wp\/v2\/posts\/4189","targetHints":{"allow":["GET"]}}],"collection":[{"href":"https:\/\/reneramon.cl\/index.php\/wp-json\/wp\/v2\/posts"}],"about":[{"href":"https:\/\/reneramon.cl\/index.php\/wp-json\/wp\/v2\/types\/post"}],"author":[{"embeddable":true,"href":"https:\/\/reneramon.cl\/index.php\/wp-json\/wp\/v2\/users\/1"}],"replies":[{"embeddable":true,"href":"https:\/\/reneramon.cl\/index.php\/wp-json\/wp\/v2\/comments?post=4189"}],"version-history":[{"count":2,"href":"https:\/\/reneramon.cl\/index.php\/wp-json\/wp\/v2\/posts\/4189\/revisions"}],"predecessor-version":[{"id":4191,"href":"https:\/\/reneramon.cl\/index.php\/wp-json\/wp\/v2\/posts\/4189\/revisions\/4191"}],"wp:featuredmedia":[{"embeddable":true,"href":"https:\/\/reneramon.cl\/index.php\/wp-json\/wp\/v2\/media\/4182"}],"wp:attachment":[{"href":"https:\/\/reneramon.cl\/index.php\/wp-json\/wp\/v2\/media?parent=4189"}],"wp:term":[{"taxonomy":"category","embeddable":true,"href":"https:\/\/reneramon.cl\/index.php\/wp-json\/wp\/v2\/categories?post=4189"},{"taxonomy":"post_tag","embeddable":true,"href":"https:\/\/reneramon.cl\/index.php\/wp-json\/wp\/v2\/tags?post=4189"}],"curies":[{"name":"wp","href":"https:\/\/api.w.org\/{rel}","templated":true}]}}