{"id":4261,"date":"2022-05-31T05:48:31","date_gmt":"2022-05-31T05:48:31","guid":{"rendered":"https:\/\/reneramon.cl\/?p=4261"},"modified":"2024-02-02T19:55:49","modified_gmt":"2024-02-02T22:55:49","slug":"existen-poderes-facticos-en-chile-que-destruyen-desde-el-tiempo-de-las-aulas-a-politicos-potenciales","status":"publish","type":"post","link":"https:\/\/reneramon.cl\/index.php\/2022\/05\/31\/existen-poderes-facticos-en-chile-que-destruyen-desde-el-tiempo-de-las-aulas-a-politicos-potenciales\/","title":{"rendered":"existen poderes facticos en Chile que destruyen desde el tiempo de las aulas a pol\u00edticos potenciales???"},"content":{"rendered":"\n<p>Ricardo Claro demostr\u00f3 , que existen poderes facticos , que destruyen pol\u00edticos potenciales&#8230;<\/p>\n\n\n\n<p>Ahora , quienes est\u00e1n detr\u00e1s de estas practicas??<\/p>\n\n\n\n<p><\/p>\n\n\n\n<p><\/p>\n\n\n\n<p>grupos econ\u00f3micos?<br>grupos religiosos?<br>etc?<\/p>\n\n\n\n<p><\/p>\n\n\n\n<figure class=\"wp-block-image size-full\"><img loading=\"lazy\" decoding=\"async\" width=\"400\" height=\"300\" src=\"http:\/\/reneramon.cl\/wp-content\/uploads\/2020\/07\/Balanzaprevio.png\" alt=\"\" class=\"wp-image-1289\" srcset=\"https:\/\/reneramon.cl\/wp-content\/uploads\/2020\/07\/Balanzaprevio.png 400w, https:\/\/reneramon.cl\/wp-content\/uploads\/2020\/07\/Balanzaprevio-300x225.png 300w, https:\/\/reneramon.cl\/wp-content\/uploads\/2020\/07\/Balanzaprevio-326x245.png 326w, https:\/\/reneramon.cl\/wp-content\/uploads\/2020\/07\/Balanzaprevio-80x60.png 80w\" sizes=\"auto, (max-width: 400px) 100vw, 400px\" \/><\/figure>\n\n\n\n<p>algunas victimas poderosas&#8230;<\/p>\n\n\n\n<p><em>Evelyn<\/em>&nbsp;Rose Matthei<\/p>\n\n\n\n<p><em>Marcelo<\/em>&nbsp;Ignacio&nbsp;<em>Trivelli<\/em><\/p>\n\n\n\n<p><\/p>\n\n\n\n<p><\/p>\n\n\n\n<p>el futuro de Chile  es la basura??<br>por esa castraci\u00f3n de lideres<br>hecho por poderes que atacan desde las sombras?<\/p>\n\n\n\n<p><\/p>\n\n\n\n<p>castraci\u00f3n de lideres potenciales<br>para forzar<br>lideres de cart\u00f3n??<\/p>\n\n\n\n<figure class=\"wp-block-image is-resized\"><img loading=\"lazy\" decoding=\"async\" src=\"https:\/\/i.ibb.co\/Yfv6Kxz\/descarga.jpg\" alt=\"\" width=\"428\" height=\"285\"\/><\/figure>\n\n\n\n<p><\/p>\n\n\n\n<p><\/p>\n\n\n\n<figure class=\"wp-block-embed is-type-video is-provider-youtube wp-block-embed-youtube wp-embed-aspect-4-3 wp-has-aspect-ratio\"><div class=\"wp-block-embed__wrapper\">\n<iframe loading=\"lazy\" title=\"Ricardo Claro, im\u00e1genes para el recuerdo\" width=\"500\" height=\"375\" src=\"https:\/\/www.youtube.com\/embed\/HaypKR2EJD8?feature=oembed\" frameborder=\"0\" allow=\"accelerometer; autoplay; clipboard-write; encrypted-media; gyroscope; picture-in-picture; web-share\" referrerpolicy=\"strict-origin-when-cross-origin\" allowfullscreen><\/iframe>\n<\/div><\/figure>\n\n\n\n<p>podemos colocar a JAKast tambi\u00e9n como victima de traici\u00f3n(juego desleal) de su misma bancada???<\/p>\n\n\n\n<p><\/p>\n\n\n\n<p><\/p>\n","protected":false},"excerpt":{"rendered":"<div class=\"mh-excerpt\"><p>Ricardo Claro demostr\u00f3 , que existen poderes facticos , que destruyen pol\u00edticos potenciales&#8230; Ahora , quienes est\u00e1n detr\u00e1s de estas practicas?? grupos econ\u00f3micos?grupos religiosos?etc? algunas <a class=\"mh-excerpt-more\" href=\"https:\/\/reneramon.cl\/index.php\/2022\/05\/31\/existen-poderes-facticos-en-chile-que-destruyen-desde-el-tiempo-de-las-aulas-a-politicos-potenciales\/\" title=\"existen poderes facticos en Chile que destruyen desde el tiempo de las aulas a pol\u00edticos potenciales???\">[&#8230;]<\/a><\/p>\n<\/div>","protected":false},"author":1,"featured_media":4183,"comment_status":"closed","ping_status":"open","sticky":false,"template":"","format":"standard","meta":{"footnotes":""},"categories":[23],"tags":[],"class_list":["post-4261","post","type-post","status-publish","format-standard","has-post-thumbnail","hentry","category-comentarios"],"_links":{"self":[{"href":"https:\/\/reneramon.cl\/index.php\/wp-json\/wp\/v2\/posts\/4261","targetHints":{"allow":["GET"]}}],"collection":[{"href":"https:\/\/reneramon.cl\/index.php\/wp-json\/wp\/v2\/posts"}],"about":[{"href":"https:\/\/reneramon.cl\/index.php\/wp-json\/wp\/v2\/types\/post"}],"author":[{"embeddable":true,"href":"https:\/\/reneramon.cl\/index.php\/wp-json\/wp\/v2\/users\/1"}],"replies":[{"embeddable":true,"href":"https:\/\/reneramon.cl\/index.php\/wp-json\/wp\/v2\/comments?post=4261"}],"version-history":[{"count":4,"href":"https:\/\/reneramon.cl\/index.php\/wp-json\/wp\/v2\/posts\/4261\/revisions"}],"predecessor-version":[{"id":4266,"href":"https:\/\/reneramon.cl\/index.php\/wp-json\/wp\/v2\/posts\/4261\/revisions\/4266"}],"wp:featuredmedia":[{"embeddable":true,"href":"https:\/\/reneramon.cl\/index.php\/wp-json\/wp\/v2\/media\/4183"}],"wp:attachment":[{"href":"https:\/\/reneramon.cl\/index.php\/wp-json\/wp\/v2\/media?parent=4261"}],"wp:term":[{"taxonomy":"category","embeddable":true,"href":"https:\/\/reneramon.cl\/index.php\/wp-json\/wp\/v2\/categories?post=4261"},{"taxonomy":"post_tag","embeddable":true,"href":"https:\/\/reneramon.cl\/index.php\/wp-json\/wp\/v2\/tags?post=4261"}],"curies":[{"name":"wp","href":"https:\/\/api.w.org\/{rel}","templated":true}]}}