{"id":8926,"date":"2024-01-18T13:34:20","date_gmt":"2024-01-18T16:34:20","guid":{"rendered":"https:\/\/reneramon.cl\/?p=8926"},"modified":"2024-02-02T19:54:40","modified_gmt":"2024-02-02T22:54:40","slug":"expresidente-pinera-por-cucuta-no-hubo-nunca-ningun-llamado-a-que-los-venezolanos-vinieran-a-chile","status":"publish","type":"post","link":"https:\/\/reneramon.cl\/index.php\/2024\/01\/18\/expresidente-pinera-por-cucuta-no-hubo-nunca-ningun-llamado-a-que-los-venezolanos-vinieran-a-chile\/","title":{"rendered":"Expresidente Pi\u00f1era por C\u00facuta: \u00abNo hubo nunca ning\u00fan llamado a que los venezolanos vinieran a Chile"},"content":{"rendered":"\n<p>PASTELERO A TUS PASTELES???<\/p>\n\n\n\n<figure class=\"wp-block-image size-full is-resized\"><img loading=\"lazy\" decoding=\"async\" width=\"225\" height=\"225\" src=\"https:\/\/reneramon.cl\/wp-content\/uploads\/2024\/01\/NADIE-ES-PROFETA-EN-SU-TIERRA.png\" alt=\"\" class=\"wp-image-8927\" style=\"width:849px;height:auto\" srcset=\"https:\/\/reneramon.cl\/wp-content\/uploads\/2024\/01\/NADIE-ES-PROFETA-EN-SU-TIERRA.png 225w, https:\/\/reneramon.cl\/wp-content\/uploads\/2024\/01\/NADIE-ES-PROFETA-EN-SU-TIERRA-150x150.png 150w\" sizes=\"auto, (max-width: 225px) 100vw, 225px\" \/><\/figure>\n\n\n\n<p><\/p>\n\n\n\n<p>QUIEN NECESITA A UN GABRIEL BORIC DE PRESIDENTE DE CHILE \u00ab2024\u00bb , CUANDO TENEMOS A UN SEBASTIAN PI\u00d1ERA EN MATERIA INTERNACIONAL\u00bf?<\/p>\n\n\n\n<p>SEBASTIAN EL PEREGRINO DE LA DEMOCRACIA<\/p>\n\n\n\n<p>DIPLOMATICOS \u00bf?<\/p>\n\n\n\n<p><\/p>\n\n\n\n<p>\u00bfALGUN MEDIO DE COMUNICACION CONOCE AL EMBAJADOR CHILENO EN ESE PAIS??<\/p>\n\n\n\n<hr class=\"wp-block-separator has-alpha-channel-opacity\"\/>\n\n\n\n<p><strong>Expresidente Pi\u00f1era por C\u00facuta: \u00abNo hubo nunca ning\u00fan llamado a que los venezolanos vinieran a Chile\u00bb<\/strong><\/p>\n\n\n\n<figure class=\"wp-block-image is-resized\"><img decoding=\"async\" src=\"https:\/\/img-s-msn-com.akamaized.net\/tenant\/amp\/entityid\/AA1nbfhq.img?w=534&amp;h=282&amp;m=6&amp;x=22&amp;y=123&amp;s=872&amp;d=315\" alt=\"\" style=\"width:855px;height:auto\"\/><\/figure>\n\n\n\n<p>Expresidente Pi\u00f1era por C\u00facuta: \u201cNo hubo nunca ning\u00fan llamado a que los venezolanos vinieran a Chile\u201d\u00a9 ARCHIVO | Presidencia de Chile | Agencia UNO<\/p>\n\n\n\n<p>El&nbsp;<strong>expresidente Sebasti\u00e1n Pi\u00f1era<\/strong>&nbsp;desminti\u00f3 haber hecho un llamado para que los venezolanos viajaran a nuestro pa\u00eds, durante su pol\u00e9mica&nbsp;<strong>visita a C\u00facuta, en 2019.<\/strong><\/p>\n\n\n\n<p>\u201cNo hubo nunca ning\u00fan llamado a que los venezolanos vinieran a Chile. Despu\u00e9s de C\u00facuta nosotros hicimos medidas\u201d, asegur\u00f3 el mandatario en entrevista con&nbsp;<a href=\"https:\/\/www.duna.cl\/programa\/hablemos-en-off\/2024\/01\/17\/sebastian-pinera-no-voy-a-postular-por-tercera-vez-a-la-presidencia\/\" target=\"_blank\" rel=\"noreferrer noopener\">Duna.<\/a><\/p>\n\n\n\n<p>Recordemos que en febrero de 2019, el entonces jefe de Estado lleg\u00f3 a la frontera entre Colombia y Venezuela, para entregar ayuda humanitaria junto al presidente colombiano, Iv\u00e1n Duque, pero tambi\u00e9n, se buscaba presionar para forzar la salida del dictador Nicol\u00e1s Maduro.<\/p>\n\n\n\n<p>Si bien la idea era sumarse junto a otros l\u00edderes de la regi\u00f3n, como Jair Bolsonaro, Mauricio Macri y el vicepresidente de EEUU, Mike Pence, finalmente solo participaron Pi\u00f1era con Duque, adem\u00e1s de Juan Guaid\u00f3.<\/p>\n\n\n\n<p>Lee tambi\u00e9n&#8230;: Pi\u00f1era llega a C\u00facuta y da discurso durante el Live Aid Venezuela<\/p>\n\n\n\n<p>\u201cLa idea era ir a C\u00facuta, que est\u00e1 en la frontera en Colombia, para forzar que esa ayuda ingresara a Venezuela porque el gobierno venezolano de Nicol\u00e1s Maduro negaba el acceso\u201d, apunt\u00f3 Pi\u00f1era.<\/p>\n\n\n\n<p>\u201cLa idea era presionar con la ayuda en la frontera para que ingresara a resolver problemas angustiosos que viv\u00eda la poblaci\u00f3n. Ese era el objetivo de C\u00facuta\u201d, insisti\u00f3.<\/p>\n\n\n\n<p>Por otro lado, respecto al ingreso de venezolanos durante su Gobierno, Pi\u00f1era explic\u00f3 las medidas que implement\u00f3 para regular la llegada de extranjeros.<\/p>\n\n\n\n<p>\u201cExigimos visas para que los inmigrantes de Hait\u00ed y de Venezuela, que quer\u00edan venir a Chile, tuvieran que pedir la visa antes de venir, para evitar que el problema se produzca dentro de nuestras fronteras\u201d, se\u00f1al\u00f3.<\/p>\n\n\n\n<p>\u201cAdicionalmente a eso,&nbsp;<strong>establecimos una visa de responsabilidad democr\u00e1tica.<\/strong>&nbsp;Que era permitir a ciertas personas que cumpl\u00edan con los requisitos, poder venir a Chile legalmente, no ilegalmente, a trav\u00e9s de pasos clandestinos\u201d, argument\u00f3 el expresidente.<\/p>\n\n\n\n<p><strong>Lee tambi\u00e9n&#8230;<\/strong>:&nbsp;<a href=\"https:\/\/www.biobiochile.cl\/noticias\/nacional\/chile\/2019\/02\/19\/pinera-explica-viaje-a-frontera-con-venezuela-en-medio-de-criticas-por-catastrofes-en-chile.shtml\" target=\"_blank\" rel=\"noreferrer noopener\">Pi\u00f1era explica viaje a frontera con Venezuela en medio de cr\u00edticas por cat\u00e1strofes en Chile<\/a><\/p>\n\n\n\n<p>\u201cTambi\u00e9n pedimos que las Fuerzas Armadas pudieran cumplir un rol y colaborar con Carabineros para proteger mejor nuestras fronteras\u201d, dijo el ex jefe de Estado.<\/p>\n\n\n\n<p>En ese sentido, resalt\u00f3 que&nbsp;<strong>\u201cesa inmigraci\u00f3n venezolana trajo muchos m\u00e9dicos, ingenieros, cient\u00edficos, que fueron un tremendo aporte\u201d.<\/strong><\/p>\n\n\n\n<p>\u201cTodos nuestros intentos fue:&nbsp;<strong>s\u00ed, a la inmigraci\u00f3n legal. Chile siempre ha sido un pa\u00eds abierto a la inmigraci\u00f3n, pero legal, personas que vienen cumpliendo nuestras leyes\u201d,&nbsp;<\/strong>sentenci\u00f3 el expresidente Pi\u00f1era.<\/p>\n\n\n\n<p><a href=\"http:\/\/www.msn.com\/es-cl\/noticias\/other\/expresidente-pi%C3%B1era-por-c%C3%BAcuta-no-hubo-nunca-ning%C3%BAn-llamado-a-que-los-venezolanos-vinieran-a-chile\/ar-AA1nbnte?ocid=msedgdhp&amp;pc=U531&amp;cvid=f07227f4e9624d49a726b37ccc84355b&amp;ei=24\" target=\"_blank\" rel=\"noreferrer noopener\">www.msn.com\/es-cl\/noticias\/other\/expresidente-pi\u00f1era-por-c\u00facuta-no-hubo-nunca-ning\u00fan-llamado-a-que-los-venezolanos-vinieran-a-chile\/ar-AA1nbnte?ocid=msedgdhp&amp;pc=U531&amp;cvid=f07227f4e9624d49a726b37ccc84355b&amp;ei=24<\/a><\/p>\n\n\n\n<p><a href=\"https:\/\/www.msn.com\/es-cl\/noticias\/other\/expresidente-pi%C3%B1era-por-c%C3%BAcuta-no-hubo-nunca-ning%C3%BAn-llamado-a-que-los-venezolanos-vinieran-a-chile\/ar-AA1nbnte?ocid=msedgdhp&amp;pc=U531&amp;cvid=f07227f4e9624d49a726b37ccc84355b&amp;ei=24\" target=\"_blank\" rel=\"noreferrer noopener\">Expresidente Pi\u00f1era por C\u00facuta: \u00abNo hubo nunca ning\u00fan llamado a que los venezolanos vinieran a Chile\u00bb (msn.com)<\/a><\/p>\n","protected":false},"excerpt":{"rendered":"<div class=\"mh-excerpt\"><p>PASTELERO A TUS PASTELES??? QUIEN NECESITA A UN GABRIEL BORIC DE PRESIDENTE DE CHILE \u00ab2024\u00bb , CUANDO TENEMOS A UN SEBASTIAN PI\u00d1ERA EN MATERIA INTERNACIONAL\u00bf? <a class=\"mh-excerpt-more\" href=\"https:\/\/reneramon.cl\/index.php\/2024\/01\/18\/expresidente-pinera-por-cucuta-no-hubo-nunca-ningun-llamado-a-que-los-venezolanos-vinieran-a-chile\/\" title=\"Expresidente Pi\u00f1era por C\u00facuta: \u00abNo hubo nunca ning\u00fan llamado a que los venezolanos vinieran a Chile\">[&#8230;]<\/a><\/p>\n<\/div>","protected":false},"author":1,"featured_media":8928,"comment_status":"closed","ping_status":"open","sticky":false,"template":"","format":"standard","meta":{"footnotes":""},"categories":[23,32,4,3,6],"tags":[],"class_list":["post-8926","post","type-post","status-publish","format-standard","has-post-thumbnail","hentry","category-comentarios","category-mensajes","category-noticias-internacionales","category-noticias-nacionales","category-opiniones"],"_links":{"self":[{"href":"https:\/\/reneramon.cl\/index.php\/wp-json\/wp\/v2\/posts\/8926","targetHints":{"allow":["GET"]}}],"collection":[{"href":"https:\/\/reneramon.cl\/index.php\/wp-json\/wp\/v2\/posts"}],"about":[{"href":"https:\/\/reneramon.cl\/index.php\/wp-json\/wp\/v2\/types\/post"}],"author":[{"embeddable":true,"href":"https:\/\/reneramon.cl\/index.php\/wp-json\/wp\/v2\/users\/1"}],"replies":[{"embeddable":true,"href":"https:\/\/reneramon.cl\/index.php\/wp-json\/wp\/v2\/comments?post=8926"}],"version-history":[{"count":2,"href":"https:\/\/reneramon.cl\/index.php\/wp-json\/wp\/v2\/posts\/8926\/revisions"}],"predecessor-version":[{"id":8930,"href":"https:\/\/reneramon.cl\/index.php\/wp-json\/wp\/v2\/posts\/8926\/revisions\/8930"}],"wp:featuredmedia":[{"embeddable":true,"href":"https:\/\/reneramon.cl\/index.php\/wp-json\/wp\/v2\/media\/8928"}],"wp:attachment":[{"href":"https:\/\/reneramon.cl\/index.php\/wp-json\/wp\/v2\/media?parent=8926"}],"wp:term":[{"taxonomy":"category","embeddable":true,"href":"https:\/\/reneramon.cl\/index.php\/wp-json\/wp\/v2\/categories?post=8926"},{"taxonomy":"post_tag","embeddable":true,"href":"https:\/\/reneramon.cl\/index.php\/wp-json\/wp\/v2\/tags?post=8926"}],"curies":[{"name":"wp","href":"https:\/\/api.w.org\/{rel}","templated":true}]}}